{"id":87563,"date":"2018-08-17T15:51:05","date_gmt":"2018-08-17T12:51:05","guid":{"rendered":"https:\/\/www.sana.sy\/es\/?p=87563"},"modified":"2018-08-17T15:53:31","modified_gmt":"2018-08-17T12:53:31","slug":"fuerzas-iraquies-eliminan-a-5-terroristas-y-arrestas-a-otros-3-en-anbar","status":"publish","type":"post","link":"https:\/\/archive.sana.sy\/es\/?p=87563","title":{"rendered":"Fuerzas iraqu\u00edes eliminan a 5 terroristas y arrestan a otros 3 en Anbar"},"content":{"rendered":"<p><span style=\"color: #800000\">Bagdad, SANA<\/span>&#8211; Los servicios de seguridad iraqu\u00edes mataron a cinco terroristas y arrestaron a otros dos en un operativo de asalto contra un feudo terrorista al oeste de Anbar.<\/p>\n<p>&#8220;Las fuerzas de seguridad del comando de las operaciones de al Yazira y de la s\u00e9ptima brigada junto con los guardias fronterizos apoyadas por una fuerza de la Movilizaci\u00f3n Tribal libararon un operaci\u00f3n de asalto contra elementos de Daesh en el desierto de la provincia de Qaim, al oeste de la zona fronteriza, donde fueron abatidos cinco efectivos del Daesh, incluido un l\u00edder de nacionalidad uzbeka &#8220;, dijo el comandante de la Movilizaci\u00f3n de la provincia de Anbar, Qatri al-Ubedi, citado por la agencia iraqu\u00ed de noticias WAA.<\/p>\n<p>Agreg\u00f3 que la fuerza tambi\u00e9n pudo arrestar a dos elementos de la organizaci\u00f3n y encontr\u00f3 en su poder cinturones explosivos y varias granadas, armas y equipos diversos y suministros m\u00e9dicos.<\/p>\n<p>Asimismo, el Centro de Informaci\u00f3n de seguridad iraqu\u00ed en Diyala dijo en un comunicado que &#8220;los destacamentos de inteligencia y antiterrorismo del Ministerio del Interior en Diyala han arrestado a una persona perteneciente a las bandas terroristas de Daesh \u201c, y agreg\u00f3 que el detenido confes\u00f3 haber cometido actos criminales, incluido el asesinato de siete personas.<\/p>\n<p>M\/Miri<\/p>\n","protected":false},"excerpt":{"rendered":"<p>Bagdad, SANA&#8211; Los servicios de seguridad iraqu\u00edes mataron a cinco terroristas y arrestaron a otros dos en un operativo de asalto contra un feudo terrorista al oeste de Anbar. &#8220;Las fuerzas de seguridad del comando de las operaciones de al Yazira y de la s\u00e9ptima brigada junto con los guardias fronterizos apoyadas por una fuerza &hellip;<\/p>\n","protected":false},"author":1,"featured_media":87564,"comment_status":"closed","ping_status":"closed","sticky":false,"template":"","format":"standard","meta":{"footnotes":""},"categories":[597,456,457],"tags":[],"class_list":["post-87563","post","type-post","status-publish","format-standard","has-post-thumbnail","","category-cinta-de-noticias","category-arabe-internacional-politica","category-noticias-arabe-internacional-politica"],"_links":{"self":[{"href":"https:\/\/archive.sana.sy\/es\/index.php?rest_route=\/wp\/v2\/posts\/87563"}],"collection":[{"href":"https:\/\/archive.sana.sy\/es\/index.php?rest_route=\/wp\/v2\/posts"}],"about":[{"href":"https:\/\/archive.sana.sy\/es\/index.php?rest_route=\/wp\/v2\/types\/post"}],"author":[{"embeddable":true,"href":"https:\/\/archive.sana.sy\/es\/index.php?rest_route=\/wp\/v2\/users\/1"}],"replies":[{"embeddable":true,"href":"https:\/\/archive.sana.sy\/es\/index.php?rest_route=%2Fwp%2Fv2%2Fcomments&post=87563"}],"version-history":[{"count":0,"href":"https:\/\/archive.sana.sy\/es\/index.php?rest_route=\/wp\/v2\/posts\/87563\/revisions"}],"wp:featuredmedia":[{"embeddable":true,"href":"https:\/\/archive.sana.sy\/es\/index.php?rest_route=\/wp\/v2\/media\/87564"}],"wp:attachment":[{"href":"https:\/\/archive.sana.sy\/es\/index.php?rest_route=%2Fwp%2Fv2%2Fmedia&parent=87563"}],"wp:term":[{"taxonomy":"category","embeddable":true,"href":"https:\/\/archive.sana.sy\/es\/index.php?rest_route=%2Fwp%2Fv2%2Fcategories&post=87563"},{"taxonomy":"post_tag","embeddable":true,"href":"https:\/\/archive.sana.sy\/es\/index.php?rest_route=%2Fwp%2Fv2%2Ftags&post=87563"}],"curies":[{"name":"wp","href":"https:\/\/api.w.org\/{rel}","templated":true}]}}