{"id":87567,"date":"2018-08-17T16:05:18","date_gmt":"2018-08-17T13:05:18","guid":{"rendered":"https:\/\/www.sana.sy\/es\/?p=87567"},"modified":"2023-01-10T15:16:26","modified_gmt":"2023-01-10T13:16:26","slug":"festival-de-agua-y-seda-abre-sus-puertas-en-la-ciudad-de-duraykish","status":"publish","type":"post","link":"https:\/\/archive.sana.sy\/es\/?p=87567","title":{"rendered":"Festival de Agua y Seda abre sus puertas en la ciudad de Duraykish"},"content":{"rendered":"<p><span style=\"color: #800000\">Tartous, SANA<\/span>&#8211; Se inici\u00f3 ayer por la tarde en el Hotel de Mary Rose en la ciudad de Al Duraykish, el Festival del Agua y Seda organizado por la provincia de Tartous en colaboraci\u00f3n con el Ministerio de Turismo.<\/p>\n<p>Las actividades del primer d\u00eda inclu\u00edan una presentaci\u00f3n de la brigada de caballer\u00eda y la apertura de una exposici\u00f3n de arte de los heridos del Ej\u00e9rcito \u00c1rabe Sirio, que incluye trabajos manuales de madera, bamb\u00fa y trabajos artesanos, adem\u00e1s de productos de las mujeres rurales, as\u00ed como una exposici\u00f3n de flores y fotograf\u00eda.<\/p>\n<p><a href=\"https:\/\/www.sana.sy\/es\/?attachment_id=87569\" rel=\"attachment wp-att-87569\"><img loading=\"lazy\" decoding=\"async\" class=\"alignnone size-full wp-image-87569\" src=\"https:\/\/www.sana.sy\/es\/wp-content\/uploads\/2018\/08\/IMG_5892-300x200.jpg\" alt=\"\" width=\"300\" height=\"200\" srcset=\"https:\/\/archive.sana.sy\/es\/wp-content\/uploads\/2018\/08\/IMG_5892-300x200.jpg 300w, https:\/\/archive.sana.sy\/es\/wp-content\/uploads\/2018\/08\/IMG_5892-300x200-150x100.jpg 150w\" sizes=\"(max-width: 300px) 100vw, 300px\" \/><\/a><\/p>\n<p>Tambi\u00e9n se present\u00f3 una pel\u00edcula documental sobre la importancia de la ciudad tur\u00edstica de Duraykish y las zonas tur\u00edsticas y arqueol\u00f3gicas en la ciudad.<\/p>\n<p>El primer d\u00eda termin\u00f3 con un concierto musical y se honr\u00f3 a varios escritores e intelectuales en el marco de la ceremonia de apertura.<\/p>\n<p>&nbsp;<\/p>\n<p><a href=\"https:\/\/www.sana.sy\/es\/?attachment_id=87570\" rel=\"attachment wp-att-87570\"><img loading=\"lazy\" decoding=\"async\" class=\"alignnone size-full wp-image-87570\" src=\"https:\/\/www.sana.sy\/es\/wp-content\/uploads\/2018\/08\/IMG_5694.jpg\" alt=\"\" width=\"1200\" height=\"800\" srcset=\"https:\/\/archive.sana.sy\/es\/wp-content\/uploads\/2018\/08\/IMG_5694.jpg 1200w, https:\/\/archive.sana.sy\/es\/wp-content\/uploads\/2018\/08\/IMG_5694-150x100.jpg 150w, https:\/\/archive.sana.sy\/es\/wp-content\/uploads\/2018\/08\/IMG_5694-300x200.jpg 300w, https:\/\/archive.sana.sy\/es\/wp-content\/uploads\/2018\/08\/IMG_5694-768x512.jpg 768w, https:\/\/archive.sana.sy\/es\/wp-content\/uploads\/2018\/08\/IMG_5694-1024x683.jpg 1024w\" sizes=\"(max-width: 1200px) 100vw, 1200px\" \/><\/a><\/p>\n<p>&nbsp;<\/p>\n<p><a href=\"https:\/\/www.sana.sy\/es\/?attachment_id=87571\" rel=\"attachment wp-att-87571\"><img loading=\"lazy\" decoding=\"async\" class=\"alignnone size-full wp-image-87571\" src=\"https:\/\/www.sana.sy\/es\/wp-content\/uploads\/2018\/08\/IMG_5696.jpg\" alt=\"\" width=\"1200\" height=\"863\" srcset=\"https:\/\/archive.sana.sy\/es\/wp-content\/uploads\/2018\/08\/IMG_5696.jpg 1200w, https:\/\/archive.sana.sy\/es\/wp-content\/uploads\/2018\/08\/IMG_5696-150x108.jpg 150w, https:\/\/archive.sana.sy\/es\/wp-content\/uploads\/2018\/08\/IMG_5696-300x216.jpg 300w, https:\/\/archive.sana.sy\/es\/wp-content\/uploads\/2018\/08\/IMG_5696-768x552.jpg 768w, https:\/\/archive.sana.sy\/es\/wp-content\/uploads\/2018\/08\/IMG_5696-1024x736.jpg 1024w\" sizes=\"(max-width: 1200px) 100vw, 1200px\" \/><\/a><\/p>\n<p>&nbsp;<\/p>\n<p><a href=\"https:\/\/www.sana.sy\/es\/?attachment_id=87572\" rel=\"attachment wp-att-87572\"><img loading=\"lazy\" decoding=\"async\" class=\"alignnone size-full wp-image-87572\" src=\"https:\/\/www.sana.sy\/es\/wp-content\/uploads\/2018\/08\/IMG_5855.jpg\" alt=\"\" width=\"1200\" height=\"800\" srcset=\"https:\/\/archive.sana.sy\/es\/wp-content\/uploads\/2018\/08\/IMG_5855.jpg 1200w, https:\/\/archive.sana.sy\/es\/wp-content\/uploads\/2018\/08\/IMG_5855-150x100.jpg 150w, https:\/\/archive.sana.sy\/es\/wp-content\/uploads\/2018\/08\/IMG_5855-300x200.jpg 300w, https:\/\/archive.sana.sy\/es\/wp-content\/uploads\/2018\/08\/IMG_5855-768x512.jpg 768w, https:\/\/archive.sana.sy\/es\/wp-content\/uploads\/2018\/08\/IMG_5855-1024x683.jpg 1024w\" sizes=\"(max-width: 1200px) 100vw, 1200px\" \/><\/a><\/p>\n<p>&nbsp;<\/p>\n<p><a href=\"https:\/\/www.sana.sy\/es\/?attachment_id=87574\" rel=\"attachment wp-att-87574\"><img loading=\"lazy\" decoding=\"async\" class=\"alignnone size-full wp-image-87574\" src=\"https:\/\/www.sana.sy\/es\/wp-content\/uploads\/2018\/08\/IMG_5925.jpg\" alt=\"\" width=\"1200\" height=\"800\" srcset=\"https:\/\/archive.sana.sy\/es\/wp-content\/uploads\/2018\/08\/IMG_5925.jpg 1200w, https:\/\/archive.sana.sy\/es\/wp-content\/uploads\/2018\/08\/IMG_5925-150x100.jpg 150w, https:\/\/archive.sana.sy\/es\/wp-content\/uploads\/2018\/08\/IMG_5925-300x200.jpg 300w, https:\/\/archive.sana.sy\/es\/wp-content\/uploads\/2018\/08\/IMG_5925-768x512.jpg 768w, https:\/\/archive.sana.sy\/es\/wp-content\/uploads\/2018\/08\/IMG_5925-1024x683.jpg 1024w\" sizes=\"(max-width: 1200px) 100vw, 1200px\" \/><\/a><\/p>\n<p>M\/Miri<\/p>\n","protected":false},"excerpt":{"rendered":"<p>Tartous, SANA&#8211; Se inici\u00f3 ayer por la tarde en el Hotel de Mary Rose en la ciudad de Al Duraykish, el Festival del Agua y Seda organizado por la provincia de Tartous en colaboraci\u00f3n con el Ministerio de Turismo. Las actividades del primer d\u00eda inclu\u00edan una presentaci\u00f3n de la brigada de caballer\u00eda y la apertura &hellip;<\/p>\n","protected":false},"author":1,"featured_media":87568,"comment_status":"closed","ping_status":"closed","sticky":false,"template":"","format":"standard","meta":{"footnotes":""},"categories":[510,485],"tags":[],"class_list":["post-87567","post","type-post","status-publish","format-standard","has-post-thumbnail","","category-arte-y-cultura","category-informes-negocios-y-finanzas"],"_links":{"self":[{"href":"https:\/\/archive.sana.sy\/es\/index.php?rest_route=\/wp\/v2\/posts\/87567"}],"collection":[{"href":"https:\/\/archive.sana.sy\/es\/index.php?rest_route=\/wp\/v2\/posts"}],"about":[{"href":"https:\/\/archive.sana.sy\/es\/index.php?rest_route=\/wp\/v2\/types\/post"}],"author":[{"embeddable":true,"href":"https:\/\/archive.sana.sy\/es\/index.php?rest_route=\/wp\/v2\/users\/1"}],"replies":[{"embeddable":true,"href":"https:\/\/archive.sana.sy\/es\/index.php?rest_route=%2Fwp%2Fv2%2Fcomments&post=87567"}],"version-history":[{"count":0,"href":"https:\/\/archive.sana.sy\/es\/index.php?rest_route=\/wp\/v2\/posts\/87567\/revisions"}],"wp:featuredmedia":[{"embeddable":true,"href":"https:\/\/archive.sana.sy\/es\/index.php?rest_route=\/wp\/v2\/media\/87568"}],"wp:attachment":[{"href":"https:\/\/archive.sana.sy\/es\/index.php?rest_route=%2Fwp%2Fv2%2Fmedia&parent=87567"}],"wp:term":[{"taxonomy":"category","embeddable":true,"href":"https:\/\/archive.sana.sy\/es\/index.php?rest_route=%2Fwp%2Fv2%2Fcategories&post=87567"},{"taxonomy":"post_tag","embeddable":true,"href":"https:\/\/archive.sana.sy\/es\/index.php?rest_route=%2Fwp%2Fv2%2Ftags&post=87567"}],"curies":[{"name":"wp","href":"https:\/\/api.w.org\/{rel}","templated":true}]}}