{"id":87576,"date":"2018-08-17T16:18:00","date_gmt":"2018-08-17T13:18:00","guid":{"rendered":"https:\/\/www.sana.sy\/es\/?p=87576"},"modified":"2023-01-10T15:16:26","modified_gmt":"2023-01-10T13:16:26","slug":"nueva-aplicacion-electronica-para-la-feria-internacional-de-damasco","status":"publish","type":"post","link":"https:\/\/archive.sana.sy\/es\/?p=87576","title":{"rendered":"Nueva aplicaci\u00f3n para los visitantes de la 60\u00aa edici\u00f3n de la Feria Internacional de Damasco"},"content":{"rendered":"<p><span style=\"color: #800000\">Damasco, SANA<\/span> &#8211; Se lanzar\u00e1 una nueva aplicaci\u00f3n dedicada a la Feria Internacional de Damasco para facilitar el movimiento de visitantes y para informarles sobre las actividades de la exposici\u00f3n durante su sexag\u00e9sima edici\u00f3n.<\/p>\n<p>La aplicaci\u00f3n que se titula &#8220;Feria Internacional de Damasco&#8221; se lanzar\u00e1 a trav\u00e9s del Establecimiento General de la Feria Internacional de Damasco para Exposiciones y Mercados Internacionales en cooperaci\u00f3n con la Compa\u00f1\u00eda Internacional de Tecnolog\u00eda Educativa.<\/p>\n<p>Hablando sobre los detalles de la aplicaci\u00f3n, el jefe del departamento de informaci\u00f3n del Establecimiento General para Ferias y Mercados Internacionales, Moataz Dayoub, le dijo a SANA que puede obtenerse cuando se lance al descargarla a trav\u00e9s de los motores de b\u00fasqueda.<\/p>\n<p>La aplicaci\u00f3n, seg\u00fan Dayoub, proporcionar\u00e1 a sus usuarios un plan detallado para la ciudad de, incluidos los pabellones y las empresas que participan en la feria con todos los n\u00fameros de tel\u00e9fono y direcciones. Tambi\u00e9n facilitar\u00e1 el movimiento de visitantes y proporcionar\u00e1 a los expatriados sirios un archivo completo para este importante evento sirio.<\/p>\n<p>A\u00f1adi\u00f3 que la aplicaci\u00f3n estar\u00e1 lista para ser lanzada una semana antes de que se abra la Feria.<\/p>\n<p>La 60\u00aa edici\u00f3n de la Feria Internacional de Damasco recibir\u00e1 a los visitantes a partir del 7 de septiembre hasta el 15 de enero de 2018, mientras que el primer d\u00eda de la feria, el 6 de septiembre, estar\u00e1 dedicado a la ceremonia de inauguraci\u00f3n.<\/p>\n<p>&nbsp;<\/p>\n<p>M\/Miri<\/p>\n","protected":false},"excerpt":{"rendered":"<p>Damasco, SANA &#8211; Se lanzar\u00e1 una nueva aplicaci\u00f3n dedicada a la Feria Internacional de Damasco para facilitar el movimiento de visitantes y para informarles sobre las actividades de la exposici\u00f3n durante su sexag\u00e9sima edici\u00f3n. La aplicaci\u00f3n que se titula &#8220;Feria Internacional de Damasco&#8221; se lanzar\u00e1 a trav\u00e9s del Establecimiento General de la Feria Internacional de &hellip;<\/p>\n","protected":false},"author":1,"featured_media":87577,"comment_status":"closed","ping_status":"closed","sticky":false,"template":"","format":"standard","meta":{"footnotes":""},"categories":[597,485,7541],"tags":[],"class_list":["post-87576","post","type-post","status-publish","format-standard","has-post-thumbnail","","category-cinta-de-noticias","category-informes-negocios-y-finanzas","category-ultimas-noticias"],"_links":{"self":[{"href":"https:\/\/archive.sana.sy\/es\/index.php?rest_route=\/wp\/v2\/posts\/87576"}],"collection":[{"href":"https:\/\/archive.sana.sy\/es\/index.php?rest_route=\/wp\/v2\/posts"}],"about":[{"href":"https:\/\/archive.sana.sy\/es\/index.php?rest_route=\/wp\/v2\/types\/post"}],"author":[{"embeddable":true,"href":"https:\/\/archive.sana.sy\/es\/index.php?rest_route=\/wp\/v2\/users\/1"}],"replies":[{"embeddable":true,"href":"https:\/\/archive.sana.sy\/es\/index.php?rest_route=%2Fwp%2Fv2%2Fcomments&post=87576"}],"version-history":[{"count":0,"href":"https:\/\/archive.sana.sy\/es\/index.php?rest_route=\/wp\/v2\/posts\/87576\/revisions"}],"wp:featuredmedia":[{"embeddable":true,"href":"https:\/\/archive.sana.sy\/es\/index.php?rest_route=\/wp\/v2\/media\/87577"}],"wp:attachment":[{"href":"https:\/\/archive.sana.sy\/es\/index.php?rest_route=%2Fwp%2Fv2%2Fmedia&parent=87576"}],"wp:term":[{"taxonomy":"category","embeddable":true,"href":"https:\/\/archive.sana.sy\/es\/index.php?rest_route=%2Fwp%2Fv2%2Fcategories&post=87576"},{"taxonomy":"post_tag","embeddable":true,"href":"https:\/\/archive.sana.sy\/es\/index.php?rest_route=%2Fwp%2Fv2%2Ftags&post=87576"}],"curies":[{"name":"wp","href":"https:\/\/api.w.org\/{rel}","templated":true}]}}