{"id":87579,"date":"2018-08-17T16:33:45","date_gmt":"2018-08-17T13:33:45","guid":{"rendered":"https:\/\/www.sana.sy\/es\/?p=87579"},"modified":"2018-08-17T16:33:45","modified_gmt":"2018-08-17T13:33:45","slug":"10-palestinos-heridos-en-la-franja-de-gaza-por-disparos-de-la-ocupacion","status":"publish","type":"post","link":"https:\/\/archive.sana.sy\/es\/?p=87579","title":{"rendered":"10 palestinos heridos en la Franja de Gaza por disparos de la ocupaci\u00f3n"},"content":{"rendered":"<p><span style=\"color: #800000\">Jerusal\u00e9n Ocupada, SANA<\/span>&#8211; 10 palestinos resultaron heridos por disparos de las fuerzas de ocupaci\u00f3n israel\u00edes durante el vig\u00e9simo primer viernes de las Marchas del Retorno y Levantar el asedio sobre la Franja de Gaza, bajo el t\u00edtulo de &#8220;revolucionarios por Jerusal\u00e9n y Al-Aqsa \/.<\/p>\n<p>La agencia de noticias palestina inform\u00f3 que las fuerzas de ocupaci\u00f3n israel\u00edes dispararon contra docenas de palestinos e hirieron a diez, incluido un palestino que result\u00f3 herido al este de la Franja de Gaza y fue trasladado al hospital de Al-Shifa para recibir tratamiento, otros 3 palestinos resultaron heridos cerca del campo de refugiados de al-Awda en Rafah y al este de al-Bureij en el centro de la Franja de Gaza.<\/p>\n<p>El n\u00famero total de m\u00e1rtires ca\u00eddos por las fuerzas de ocupaci\u00f3n israel\u00edes desde el 30 del pasado marzo lleg\u00f3 a 168 personas, adem\u00e1s de alrededor de 18 mil heridos y asfixiados por gas.<\/p>\n<p>M\/Miri<\/p>\n","protected":false},"excerpt":{"rendered":"<p>Jerusal\u00e9n Ocupada, SANA&#8211; 10 palestinos resultaron heridos por disparos de las fuerzas de ocupaci\u00f3n israel\u00edes durante el vig\u00e9simo primer viernes de las Marchas del Retorno y Levantar el asedio sobre la Franja de Gaza, bajo el t\u00edtulo de &#8220;revolucionarios por Jerusal\u00e9n y Al-Aqsa \/. La agencia de noticias palestina inform\u00f3 que las fuerzas de ocupaci\u00f3n &hellip;<\/p>\n","protected":false},"author":1,"featured_media":87580,"comment_status":"closed","ping_status":"closed","sticky":false,"template":"","format":"standard","meta":{"footnotes":""},"categories":[597,456,457],"tags":[],"class_list":["post-87579","post","type-post","status-publish","format-standard","has-post-thumbnail","","category-cinta-de-noticias","category-arabe-internacional-politica","category-noticias-arabe-internacional-politica"],"_links":{"self":[{"href":"https:\/\/archive.sana.sy\/es\/index.php?rest_route=\/wp\/v2\/posts\/87579"}],"collection":[{"href":"https:\/\/archive.sana.sy\/es\/index.php?rest_route=\/wp\/v2\/posts"}],"about":[{"href":"https:\/\/archive.sana.sy\/es\/index.php?rest_route=\/wp\/v2\/types\/post"}],"author":[{"embeddable":true,"href":"https:\/\/archive.sana.sy\/es\/index.php?rest_route=\/wp\/v2\/users\/1"}],"replies":[{"embeddable":true,"href":"https:\/\/archive.sana.sy\/es\/index.php?rest_route=%2Fwp%2Fv2%2Fcomments&post=87579"}],"version-history":[{"count":0,"href":"https:\/\/archive.sana.sy\/es\/index.php?rest_route=\/wp\/v2\/posts\/87579\/revisions"}],"wp:featuredmedia":[{"embeddable":true,"href":"https:\/\/archive.sana.sy\/es\/index.php?rest_route=\/wp\/v2\/media\/87580"}],"wp:attachment":[{"href":"https:\/\/archive.sana.sy\/es\/index.php?rest_route=%2Fwp%2Fv2%2Fmedia&parent=87579"}],"wp:term":[{"taxonomy":"category","embeddable":true,"href":"https:\/\/archive.sana.sy\/es\/index.php?rest_route=%2Fwp%2Fv2%2Fcategories&post=87579"},{"taxonomy":"post_tag","embeddable":true,"href":"https:\/\/archive.sana.sy\/es\/index.php?rest_route=%2Fwp%2Fv2%2Ftags&post=87579"}],"curies":[{"name":"wp","href":"https:\/\/api.w.org\/{rel}","templated":true}]}}