{"id":87587,"date":"2018-08-17T18:33:33","date_gmt":"2018-08-17T15:33:33","guid":{"rendered":"https:\/\/www.sana.sy\/es\/?p=87587"},"modified":"2023-01-09T14:09:04","modified_gmt":"2023-01-09T12:09:04","slug":"caritas-siria-brinda-regalos-a-las-familias-afectadas-por-los-ataques-terroristas-en-sweida","status":"publish","type":"post","link":"https:\/\/archive.sana.sy\/es\/?p=87587","title":{"rendered":"&#8220;C\u00e1ritas Siria&#8221; brinda regalos a las familias afectadas por los ataques terroristas en Sweida"},"content":{"rendered":"<p><span style=\"color: #800000\">Sweida , SANA<\/span>&#8211; La Organizaci\u00f3n &#8221; C\u00e1ritas Siria &#8220;, en coordinaci\u00f3n con la embajada papal en Damasco y la Iglesia de Jesucristo de los padres capuchinos en Sweida , entregaron este viernes regalos a las familias de los m\u00e1rtires y heridos caidos por los actos terroristas de Daesh cometidos el mes pasado.<\/p>\n<p>La funcionaria del Departamento de Comunicaci\u00f3n e Informaci\u00f3n en la organizaci\u00f3n &#8221; C\u00e1ritas Siria &#8220;, Rita Jarallah, indic\u00f3 que los regalos ofrecidos son alimentos y art\u00edculos de limpieza para las personas afectadas en las zonas que fueron atacadas por terroristas &#8220;Daesh&#8221; recientemente, en el marco de los trabajos de alivio y humanitaria de la organizaci\u00f3n den Siria.<\/p>\n<p>Pastor de la Iglesia, el padre Fadi Zeyadah, explic\u00f3 que la distribuci\u00f3n de regalos es una extensi\u00f3n de la iniciativa de las iglesias y una expresi\u00f3n de apoyo a nuestros hermanos en estos acontecimientos dolorosos y una confirmaci\u00f3n de la unidad nacional y la cohesi\u00f3n, que re\u00fane a los sirios.<\/p>\n<p>Por su parte, el Obispo Saba Esber, Obispo de Buosra , Horan y Jabal al-Arab y en nombre de todos dio las gracias a &#8221; C\u00e1ritas Siria &#8221; y a todos los que contribuyeron en este evento, confirmando que nuestros corazones y nuestras oraciones por ellos y con ellos cada momento, suplicando a Dios para sanar los heridos y el regreso de los secuestrados.<\/p>\n<p>M\/Miri<\/p>\n","protected":false},"excerpt":{"rendered":"<p>Sweida , SANA&#8211; La Organizaci\u00f3n &#8221; C\u00e1ritas Siria &#8220;, en coordinaci\u00f3n con la embajada papal en Damasco y la Iglesia de Jesucristo de los padres capuchinos en Sweida , entregaron este viernes regalos a las familias de los m\u00e1rtires y heridos caidos por los actos terroristas de Daesh cometidos el mes pasado. La funcionaria del &hellip;<\/p>\n","protected":false},"author":1,"featured_media":0,"comment_status":"closed","ping_status":"closed","sticky":false,"template":"","format":"standard","meta":{"footnotes":""},"categories":[477,597,476,7541],"tags":[],"class_list":["post-87587","post","type-post","status-publish","format-standard","","category-noticias-edulcorantes","category-cinta-de-noticias","category-locales","category-ultimas-noticias"],"_links":{"self":[{"href":"https:\/\/archive.sana.sy\/es\/index.php?rest_route=\/wp\/v2\/posts\/87587"}],"collection":[{"href":"https:\/\/archive.sana.sy\/es\/index.php?rest_route=\/wp\/v2\/posts"}],"about":[{"href":"https:\/\/archive.sana.sy\/es\/index.php?rest_route=\/wp\/v2\/types\/post"}],"author":[{"embeddable":true,"href":"https:\/\/archive.sana.sy\/es\/index.php?rest_route=\/wp\/v2\/users\/1"}],"replies":[{"embeddable":true,"href":"https:\/\/archive.sana.sy\/es\/index.php?rest_route=%2Fwp%2Fv2%2Fcomments&post=87587"}],"version-history":[{"count":0,"href":"https:\/\/archive.sana.sy\/es\/index.php?rest_route=\/wp\/v2\/posts\/87587\/revisions"}],"wp:attachment":[{"href":"https:\/\/archive.sana.sy\/es\/index.php?rest_route=%2Fwp%2Fv2%2Fmedia&parent=87587"}],"wp:term":[{"taxonomy":"category","embeddable":true,"href":"https:\/\/archive.sana.sy\/es\/index.php?rest_route=%2Fwp%2Fv2%2Fcategories&post=87587"},{"taxonomy":"post_tag","embeddable":true,"href":"https:\/\/archive.sana.sy\/es\/index.php?rest_route=%2Fwp%2Fv2%2Ftags&post=87587"}],"curies":[{"name":"wp","href":"https:\/\/api.w.org\/{rel}","templated":true}]}}