{"id":87592,"date":"2018-08-17T18:47:28","date_gmt":"2018-08-17T15:47:28","guid":{"rendered":"https:\/\/www.sana.sy\/es\/?p=87592"},"modified":"2023-01-10T15:16:26","modified_gmt":"2023-01-10T13:16:26","slug":"exposicion-de-productos-sirios-en-la-capital-senegalesa-de-dakar","status":"publish","type":"post","link":"https:\/\/archive.sana.sy\/es\/?p=87592","title":{"rendered":"Exposici\u00f3n de productos sirios en la capital senegalesa de Dakar"},"content":{"rendered":"<p><span style=\"color: #800000\">Dakar, SANA<\/span>&#8211; La capital senegalesa de Dakar acogi\u00f3 una exhibici\u00f3n de productos sirios, que incluy\u00f3 varios tipos de bienes y productos que representan la producci\u00f3n nacional conocida por su calidad y valor competitivo.<\/p>\n<p>Esta exhibici\u00f3n es un buen paso econ\u00f3mico y comercial ya que abre nuevos horizontes para las exportaciones sirias en el mercado senegal\u00e9s y su extensi\u00f3n a los mercados de \u00c1frica Occidental.<\/p>\n<p>La exposici\u00f3n fue inaugurada por el Encargado de Negocios de la Embajada de Siria en Dakar, el Ministro Delegado, Yousuf Sulaiman, en presencia de los miembros de la embajada, embajadores de varios pa\u00edses \u00e1rabes, representantes de la C\u00e1mara de Comercio, Industria y Agricultura de Dakar y empresarios y expatriados sirios.<\/p>\n<p>M\/Miri<\/p>\n","protected":false},"excerpt":{"rendered":"<p>Dakar, SANA&#8211; La capital senegalesa de Dakar acogi\u00f3 una exhibici\u00f3n de productos sirios, que incluy\u00f3 varios tipos de bienes y productos que representan la producci\u00f3n nacional conocida por su calidad y valor competitivo. Esta exhibici\u00f3n es un buen paso econ\u00f3mico y comercial ya que abre nuevos horizontes para las exportaciones sirias en el mercado senegal\u00e9s &hellip;<\/p>\n","protected":false},"author":1,"featured_media":87593,"comment_status":"closed","ping_status":"closed","sticky":false,"template":"","format":"standard","meta":{"footnotes":""},"categories":[597,485,7541],"tags":[],"class_list":["post-87592","post","type-post","status-publish","format-standard","has-post-thumbnail","","category-cinta-de-noticias","category-informes-negocios-y-finanzas","category-ultimas-noticias"],"_links":{"self":[{"href":"https:\/\/archive.sana.sy\/es\/index.php?rest_route=\/wp\/v2\/posts\/87592"}],"collection":[{"href":"https:\/\/archive.sana.sy\/es\/index.php?rest_route=\/wp\/v2\/posts"}],"about":[{"href":"https:\/\/archive.sana.sy\/es\/index.php?rest_route=\/wp\/v2\/types\/post"}],"author":[{"embeddable":true,"href":"https:\/\/archive.sana.sy\/es\/index.php?rest_route=\/wp\/v2\/users\/1"}],"replies":[{"embeddable":true,"href":"https:\/\/archive.sana.sy\/es\/index.php?rest_route=%2Fwp%2Fv2%2Fcomments&post=87592"}],"version-history":[{"count":0,"href":"https:\/\/archive.sana.sy\/es\/index.php?rest_route=\/wp\/v2\/posts\/87592\/revisions"}],"wp:featuredmedia":[{"embeddable":true,"href":"https:\/\/archive.sana.sy\/es\/index.php?rest_route=\/wp\/v2\/media\/87593"}],"wp:attachment":[{"href":"https:\/\/archive.sana.sy\/es\/index.php?rest_route=%2Fwp%2Fv2%2Fmedia&parent=87592"}],"wp:term":[{"taxonomy":"category","embeddable":true,"href":"https:\/\/archive.sana.sy\/es\/index.php?rest_route=%2Fwp%2Fv2%2Fcategories&post=87592"},{"taxonomy":"post_tag","embeddable":true,"href":"https:\/\/archive.sana.sy\/es\/index.php?rest_route=%2Fwp%2Fv2%2Ftags&post=87592"}],"curies":[{"name":"wp","href":"https:\/\/api.w.org\/{rel}","templated":true}]}}