{"id":87602,"date":"2018-08-18T12:56:31","date_gmt":"2018-08-18T09:56:31","guid":{"rendered":"https:\/\/www.sana.sy\/es\/?p=87602"},"modified":"2018-08-18T12:56:31","modified_gmt":"2018-08-18T09:56:31","slug":"la-aviacion-del-regimen-saudita-continua-su-agresion-contra-yemen-y-bombardea-sana-y-omran","status":"publish","type":"post","link":"https:\/\/archive.sana.sy\/es\/?p=87602","title":{"rendered":"La aviaci\u00f3n del r\u00e9gimen saudita contin\u00faa su agresi\u00f3n contra Yemen y bombardea San\u00e1 y Omran"},"content":{"rendered":"<p><span style=\"color: #800000;\">San\u00e1- SANA <\/span><\/p>\n<p>La aviaci\u00f3n del r\u00e9gimen saudita continu\u00f3 su agresi\u00f3n contra Yemen, y realiz\u00f3 incursiones contra la capital San\u00e1, causando grandes da\u00f1os materiales.<\/p>\n<p>La aviaci\u00f3n saudita realiz\u00f3 26 incursiones contra la localidad de al Garza en la regi\u00f3n de Hamdan, contra el campamento de al Samh, Freiya, y Beit Shamlan en la regi\u00f3n de Arhab, y contra la zona de al Mujawaha en la regi\u00f3n de Naham en la provincia de San\u00e1, lo que caus\u00f3 grandes da\u00f1os materiales en las viviendas y las propiedades.<\/p>\n<p>La aviaci\u00f3n de la agresi\u00f3n saudita realiz\u00f3 cuatro incursiones al este del monte de al Masluq en la regi\u00f3n de Harf Sefian, en la provincia de Omran, al norte de San\u00e1.<\/p>\n<p><span style=\"color: #0000ff;\">Akram. S<\/span><\/p>\n","protected":false},"excerpt":{"rendered":"<p>San\u00e1- SANA La aviaci\u00f3n del r\u00e9gimen saudita continu\u00f3 su agresi\u00f3n contra Yemen, y realiz\u00f3 incursiones contra la capital San\u00e1, causando grandes da\u00f1os materiales. La aviaci\u00f3n saudita realiz\u00f3 26 incursiones contra la localidad de al Garza en la regi\u00f3n de Hamdan, contra el campamento de al Samh, Freiya, y Beit Shamlan en la regi\u00f3n de Arhab, &hellip;<\/p>\n","protected":false},"author":1,"featured_media":87603,"comment_status":"closed","ping_status":"closed","sticky":false,"template":"","format":"standard","meta":{"footnotes":""},"categories":[597,456,7541],"tags":[],"class_list":["post-87602","post","type-post","status-publish","format-standard","has-post-thumbnail","","category-cinta-de-noticias","category-arabe-internacional-politica","category-ultimas-noticias"],"_links":{"self":[{"href":"https:\/\/archive.sana.sy\/es\/index.php?rest_route=\/wp\/v2\/posts\/87602"}],"collection":[{"href":"https:\/\/archive.sana.sy\/es\/index.php?rest_route=\/wp\/v2\/posts"}],"about":[{"href":"https:\/\/archive.sana.sy\/es\/index.php?rest_route=\/wp\/v2\/types\/post"}],"author":[{"embeddable":true,"href":"https:\/\/archive.sana.sy\/es\/index.php?rest_route=\/wp\/v2\/users\/1"}],"replies":[{"embeddable":true,"href":"https:\/\/archive.sana.sy\/es\/index.php?rest_route=%2Fwp%2Fv2%2Fcomments&post=87602"}],"version-history":[{"count":0,"href":"https:\/\/archive.sana.sy\/es\/index.php?rest_route=\/wp\/v2\/posts\/87602\/revisions"}],"wp:featuredmedia":[{"embeddable":true,"href":"https:\/\/archive.sana.sy\/es\/index.php?rest_route=\/wp\/v2\/media\/87603"}],"wp:attachment":[{"href":"https:\/\/archive.sana.sy\/es\/index.php?rest_route=%2Fwp%2Fv2%2Fmedia&parent=87602"}],"wp:term":[{"taxonomy":"category","embeddable":true,"href":"https:\/\/archive.sana.sy\/es\/index.php?rest_route=%2Fwp%2Fv2%2Fcategories&post=87602"},{"taxonomy":"post_tag","embeddable":true,"href":"https:\/\/archive.sana.sy\/es\/index.php?rest_route=%2Fwp%2Fv2%2Ftags&post=87602"}],"curies":[{"name":"wp","href":"https:\/\/api.w.org\/{rel}","templated":true}]}}