{"id":87635,"date":"2018-08-19T09:52:26","date_gmt":"2018-08-19T06:52:26","guid":{"rendered":"https:\/\/www.sana.sy\/es\/?p=87635"},"modified":"2023-01-10T15:35:04","modified_gmt":"2023-01-10T13:35:04","slug":"titulares-de-la-prensa-nacional-publicada-este-domingo-19-de-agosto","status":"publish","type":"post","link":"https:\/\/archive.sana.sy\/es\/?p=87635","title":{"rendered":"Titulares de la prensa nacional publicada este domingo 19 de Agosto"},"content":{"rendered":"<p><span style=\"color: #800000;\">Damasco, SANA<\/span><\/p>\n<p>Los principales diarios nacionales sirios destacaron los siguientes titulares:<\/p>\n<p>&#8211; Siria avanza con pasos firmes hacia la victoria contra el terrorismo y la reconstrucci\u00f3n.<\/p>\n<p>&#8211; Unidades del Ej\u00e9rcito sirio contin\u00faan sus operaciones contra los terroristas del Frente Al-Nousra y otros grupos radicales armados, en la comarca norte\u00f1a de Hama.<\/p>\n<p>&#8211; La canciller federal alemana Angela Merkel, aborda con el presidente ruso, Vladimir Putin, la crisis en Siria y Ucrania, y asuntos de la cooperaci\u00f3n econ\u00f3mica entre los dos pa\u00edses.<\/p>\n<p>&#8211; Putin llama a la UE a ayudar para el retorno de los refugiados sirios a su pa\u00eds.<\/p>\n<p>&#8211; El embajador bielorruso en Damasco afirma que 10 empresas bielorrusas participar\u00e1n en la Feria Internacional de Damasco.<\/p>\n<p>&#8211; El ministerio de Cultura participa en la Feria Internacional de Damasco con un pabell\u00f3n exhaustivo y variado.<\/p>\n<p>&#8211; Inaugurada oficialmente la XVIII edici\u00f3n de los juegos asi\u00e1ticos en Indonesia con la participaci\u00f3n de Siria.<\/p>\n<p>&#8211; Los aviones de combate de la Coalici\u00f3n Saudita contin\u00faan su agresi\u00f3n contra Yemen y bombardean a San\u00e1 y Omr\u00e1n.<\/p>\n<p>&#8211; Pek\u00edn rechaza declaraciones del Pent\u00e1gono sobre el ej\u00e9rcito chino y dice que las mismas son puras especulaciones.<\/p>\n<p>&#8211; Ex ministro de Guerra de Israel reconoce la responsabilidad del Mossad del asesinado del l\u00edder de la OLP, Khalil Wazir en T\u00fanez en el a\u00f1o 1988.<\/p>\n<p>&#8211; Ministro de Petr\u00f3leo asegura que la automatizaci\u00f3n del trabajo de las estaciones de combustible lograron ahorros que superan los 10 mil millones de libras sirias.<\/p>\n<p>&#8211; Un capit\u00e1n herido del ej\u00e9rcito desaf\u00eda su lesi\u00f3n y marcha 200 kil\u00f3metros.<\/p>\n<p>&#8211; Fallece Kofi Annan, ex secretario general de la ONU.<\/p>\n<p>&#8211; Ex diputados egipcio asegura que Siria enfrenta una guerra terrorista llevada a cabo por grupos takfir\u00edes.<\/p>\n<p>&#8211; Colonos israel\u00edes arrancan \u00e1rboles de oliva de los palestinos al sur de Yenin.<\/p>\n<p>&#8211; Centro Nacional de Sobresalientes se prepara para la graduaci\u00f3n del s\u00e9ptimo grupo de sus estudiantes.<\/p>\n<p>&#8211; Graduaci\u00f3n del octavo grupo de oficiales y suboficiales de las Fuerzas de Seguridad Interna en la `provincia de Hassakeh.<\/p>\n<p>&#8211; La Econom\u00eda rusa actu\u00f3 bien para enfrentar a las sanciones estadounidenses.<\/p>\n<p>&#8211; Ej\u00e9rcito yemen\u00ed lanza un misil bal\u00edstico contra un campamento de los mercenarios saud\u00edes en Najran.<\/p>\n<p>&#8211; Abbas llama a continuar la resistencia ante las repetidas agresiones israel\u00edes.<\/p>\n<p><span style=\"color: #0000ff;\">F. Marouf\/ Dr. A. Shaban<\/span><\/p>\n","protected":false},"excerpt":{"rendered":"<p>Damasco, SANA Los principales diarios nacionales sirios destacaron los siguientes titulares: &#8211; Siria avanza con pasos firmes hacia la victoria contra el terrorismo y la reconstrucci\u00f3n. &#8211; Unidades del Ej\u00e9rcito sirio contin\u00faan sus operaciones contra los terroristas del Frente Al-Nousra y otros grupos radicales armados, en la comarca norte\u00f1a de Hama. &#8211; La canciller federal &hellip;<\/p>\n","protected":false},"author":1,"featured_media":84769,"comment_status":"closed","ping_status":"closed","sticky":false,"template":"","format":"standard","meta":{"footnotes":""},"categories":[447,555,597,476,7541],"tags":[12430],"class_list":["post-87635","post","type-post","status-publish","format-standard","has-post-thumbnail","","category-local-politica","category-prensa","category-cinta-de-noticias","category-locales","category-ultimas-noticias","tag-titulares-de-la-prensa-nacional-publicada-este-domingo-19-de-agosto"],"_links":{"self":[{"href":"https:\/\/archive.sana.sy\/es\/index.php?rest_route=\/wp\/v2\/posts\/87635"}],"collection":[{"href":"https:\/\/archive.sana.sy\/es\/index.php?rest_route=\/wp\/v2\/posts"}],"about":[{"href":"https:\/\/archive.sana.sy\/es\/index.php?rest_route=\/wp\/v2\/types\/post"}],"author":[{"embeddable":true,"href":"https:\/\/archive.sana.sy\/es\/index.php?rest_route=\/wp\/v2\/users\/1"}],"replies":[{"embeddable":true,"href":"https:\/\/archive.sana.sy\/es\/index.php?rest_route=%2Fwp%2Fv2%2Fcomments&post=87635"}],"version-history":[{"count":0,"href":"https:\/\/archive.sana.sy\/es\/index.php?rest_route=\/wp\/v2\/posts\/87635\/revisions"}],"wp:featuredmedia":[{"embeddable":true,"href":"https:\/\/archive.sana.sy\/es\/index.php?rest_route=\/wp\/v2\/media\/84769"}],"wp:attachment":[{"href":"https:\/\/archive.sana.sy\/es\/index.php?rest_route=%2Fwp%2Fv2%2Fmedia&parent=87635"}],"wp:term":[{"taxonomy":"category","embeddable":true,"href":"https:\/\/archive.sana.sy\/es\/index.php?rest_route=%2Fwp%2Fv2%2Fcategories&post=87635"},{"taxonomy":"post_tag","embeddable":true,"href":"https:\/\/archive.sana.sy\/es\/index.php?rest_route=%2Fwp%2Fv2%2Ftags&post=87635"}],"curies":[{"name":"wp","href":"https:\/\/api.w.org\/{rel}","templated":true}]}}