{"id":87685,"date":"2018-08-19T18:55:28","date_gmt":"2018-08-19T15:55:28","guid":{"rendered":"https:\/\/www.sana.sy\/es\/?p=87685"},"modified":"2018-08-19T18:55:28","modified_gmt":"2018-08-19T15:55:28","slug":"muertos-y-heridos-por-explosion-de-una-mina-en-la-provincia-de-sweida","status":"publish","type":"post","link":"https:\/\/archive.sana.sy\/es\/?p=87685","title":{"rendered":"Muertos y heridos por explosi\u00f3n de una mina en la provincia de Sweida"},"content":{"rendered":"<p>Sweida-SANA<\/p>\n<p>Cinco civiles perdieron la vida y otros resultaron heridos como consecuencia de la explosi\u00f3n de una mina que hab\u00eda sido sembrado por terroristas de DAESH anteriormente, al este del poblado de Tarba, provincia de Sweida.<\/p>\n<p>Seg\u00fan informaciones, que las victimas iban en un veh\u00edculo que les transportaban cerca de la zona de Hasan, campo de la provincia, cuando impact\u00f3 una mina antitanque la cual explot\u00f3 dejando cinco muertos y un herido.<\/p>\n<p>Y.K.<\/p>\n","protected":false},"excerpt":{"rendered":"<p>Sweida-SANA Cinco civiles perdieron la vida y otros resultaron heridos como consecuencia de la explosi\u00f3n de una mina que hab\u00eda sido sembrado por terroristas de DAESH anteriormente, al este del poblado de Tarba, provincia de Sweida. Seg\u00fan informaciones, que las victimas iban en un veh\u00edculo que les transportaban cerca de la zona de Hasan, campo &hellip;<\/p>\n","protected":false},"author":1,"featured_media":87686,"comment_status":"closed","ping_status":"closed","sticky":false,"template":"","format":"standard","meta":{"footnotes":""},"categories":[476,7541],"tags":[],"class_list":["post-87685","post","type-post","status-publish","format-standard","has-post-thumbnail","","category-locales","category-ultimas-noticias"],"_links":{"self":[{"href":"https:\/\/archive.sana.sy\/es\/index.php?rest_route=\/wp\/v2\/posts\/87685"}],"collection":[{"href":"https:\/\/archive.sana.sy\/es\/index.php?rest_route=\/wp\/v2\/posts"}],"about":[{"href":"https:\/\/archive.sana.sy\/es\/index.php?rest_route=\/wp\/v2\/types\/post"}],"author":[{"embeddable":true,"href":"https:\/\/archive.sana.sy\/es\/index.php?rest_route=\/wp\/v2\/users\/1"}],"replies":[{"embeddable":true,"href":"https:\/\/archive.sana.sy\/es\/index.php?rest_route=%2Fwp%2Fv2%2Fcomments&post=87685"}],"version-history":[{"count":0,"href":"https:\/\/archive.sana.sy\/es\/index.php?rest_route=\/wp\/v2\/posts\/87685\/revisions"}],"wp:featuredmedia":[{"embeddable":true,"href":"https:\/\/archive.sana.sy\/es\/index.php?rest_route=\/wp\/v2\/media\/87686"}],"wp:attachment":[{"href":"https:\/\/archive.sana.sy\/es\/index.php?rest_route=%2Fwp%2Fv2%2Fmedia&parent=87685"}],"wp:term":[{"taxonomy":"category","embeddable":true,"href":"https:\/\/archive.sana.sy\/es\/index.php?rest_route=%2Fwp%2Fv2%2Fcategories&post=87685"},{"taxonomy":"post_tag","embeddable":true,"href":"https:\/\/archive.sana.sy\/es\/index.php?rest_route=%2Fwp%2Fv2%2Ftags&post=87685"}],"curies":[{"name":"wp","href":"https:\/\/api.w.org\/{rel}","templated":true}]}}