{"id":87694,"date":"2018-08-20T10:51:36","date_gmt":"2018-08-20T07:51:36","guid":{"rendered":"https:\/\/www.sana.sy\/es\/?p=87694"},"modified":"2018-08-20T10:51:36","modified_gmt":"2018-08-20T07:51:36","slug":"enviado-chino-no-hay-cifra-sobre-el-numero-de-terroristas-chinos-que-combaten-en-siria","status":"publish","type":"post","link":"https:\/\/archive.sana.sy\/es\/?p=87694","title":{"rendered":"Enviado chino: &#8220;no hay cifra sobre el n\u00famero de terroristas chinos que combaten en Siria&#8221;"},"content":{"rendered":"<p><span style=\"color: #800000;\">Pek\u00edn, SANA<\/span><\/p>\n<p>El enviado especial de China para Siria, Xie Xiaoyan, dijo que su pa\u00eds lleva conversaciones con todos los pa\u00edses, incluida Siria, para combatir el terrorismo.<\/p>\n<p>En declaraciones citadas por la agencia Reuters, Xiaoyan indic\u00f3 que &#8220;no hay una cifra espec\u00edfica sobre el n\u00famero de ciudadanos chinos que fueron a combatir en las filas de las organizaciones terroristas en Siria&#8221;, y agreg\u00f3 que \u201cespera volver a Siria para obtener una imagen m\u00e1s clara sobre este tema\u201d.<\/p>\n<p>Asimismo, explic\u00f3 que &#8220;la parte china se opone firmemente a todas las formas de terrorismo y apoya el fortalecimiento de la cooperaci\u00f3n internacional para combatir este flageo\u201d.<\/p>\n<p>Por otro lado, precis\u00f3 que la seguridad es una condici\u00f3n clave para proceder a la restauraci\u00f3n econ\u00f3mica de Siria.<\/p>\n<p>&#8220;Si construimos hoy una carretera, una escuela, un hospital o un puente y al d\u00eda siguiente son demolidos o detonados, \u00bfqu\u00e9 sentido tiene esa restauraci\u00f3n?&#8221;, afirm\u00f3.<\/p>\n<p>El diplom\u00e1tico a\u00f1adi\u00f3 que &#8220;la tarea prioritaria en este momento es restablecer la paz y la estabilidad en Siria&#8221;.<\/p>\n<p>&#8220;Todas las partes deber\u00edan hacer un esfuerzo para que comience esta labor&#8221;, resalt\u00f3.<\/p>\n<p>Xiaoyan expres\u00f3 la esperanza de que la comunidad internacional se vuelque en ayudar a la restauraci\u00f3n de Siria en el per\u00edodo de posguerra.<\/p>\n<p><span style=\"color: #0000ff;\">F. Marouf\/ Dr. A. Shaban<\/span><\/p>\n","protected":false},"excerpt":{"rendered":"<p>Pek\u00edn, SANA El enviado especial de China para Siria, Xie Xiaoyan, dijo que su pa\u00eds lleva conversaciones con todos los pa\u00edses, incluida Siria, para combatir el terrorismo. En declaraciones citadas por la agencia Reuters, Xiaoyan indic\u00f3 que &#8220;no hay una cifra espec\u00edfica sobre el n\u00famero de ciudadanos chinos que fueron a combatir en las filas &hellip;<\/p>\n","protected":false},"author":1,"featured_media":87695,"comment_status":"closed","ping_status":"closed","sticky":false,"template":"","format":"standard","meta":{"footnotes":""},"categories":[597,467,7541],"tags":[12441],"class_list":["post-87694","post","type-post","status-publish","format-standard","has-post-thumbnail","","category-cinta-de-noticias","category-siria-y-el-mundo","category-ultimas-noticias","tag-enviado-chino-no-hay-cifra-sobre-el-numero-de-terroristas-chinos-que-combaten-en-siria"],"_links":{"self":[{"href":"https:\/\/archive.sana.sy\/es\/index.php?rest_route=\/wp\/v2\/posts\/87694"}],"collection":[{"href":"https:\/\/archive.sana.sy\/es\/index.php?rest_route=\/wp\/v2\/posts"}],"about":[{"href":"https:\/\/archive.sana.sy\/es\/index.php?rest_route=\/wp\/v2\/types\/post"}],"author":[{"embeddable":true,"href":"https:\/\/archive.sana.sy\/es\/index.php?rest_route=\/wp\/v2\/users\/1"}],"replies":[{"embeddable":true,"href":"https:\/\/archive.sana.sy\/es\/index.php?rest_route=%2Fwp%2Fv2%2Fcomments&post=87694"}],"version-history":[{"count":0,"href":"https:\/\/archive.sana.sy\/es\/index.php?rest_route=\/wp\/v2\/posts\/87694\/revisions"}],"wp:featuredmedia":[{"embeddable":true,"href":"https:\/\/archive.sana.sy\/es\/index.php?rest_route=\/wp\/v2\/media\/87695"}],"wp:attachment":[{"href":"https:\/\/archive.sana.sy\/es\/index.php?rest_route=%2Fwp%2Fv2%2Fmedia&parent=87694"}],"wp:term":[{"taxonomy":"category","embeddable":true,"href":"https:\/\/archive.sana.sy\/es\/index.php?rest_route=%2Fwp%2Fv2%2Fcategories&post=87694"},{"taxonomy":"post_tag","embeddable":true,"href":"https:\/\/archive.sana.sy\/es\/index.php?rest_route=%2Fwp%2Fv2%2Ftags&post=87694"}],"curies":[{"name":"wp","href":"https:\/\/api.w.org\/{rel}","templated":true}]}}