{"id":87703,"date":"2018-08-20T12:24:27","date_gmt":"2018-08-20T09:24:27","guid":{"rendered":"https:\/\/www.sana.sy\/es\/?p=87703"},"modified":"2018-08-20T14:24:30","modified_gmt":"2018-08-20T11:24:30","slug":"lavrov-rusia-busca-acelerar-el-retorno-de-refugiados-sirios-a-su-pais","status":"publish","type":"post","link":"https:\/\/archive.sana.sy\/es\/?p=87703","title":{"rendered":"Lavrov: Rusia busca acelerar el retorno de refugiados sirios a su pa\u00eds"},"content":{"rendered":"<p><span style=\"color: #800000;\">Mosc\u00fa, SANA<\/span><\/p>\n<p>El ministro de Exteriores de Rusia, Sergei Lavrov, dijo que su pa\u00eds se esfuerza para acelerar la soluci\u00f3n del problema del retorno de los refugiados sirios a su pa\u00eds.<\/p>\n<p>Antes del inicio de sus conversaciones en Mosc\u00fa con su hom\u00f3logo liban\u00e9s, Gebran Bassil, Lavrov dijo: &#8220;Rusia present\u00f3 una iniciativa para resolver el problema de los desplazados sirios y est\u00e1 estableciendo contactos con el gobierno sirio y los pa\u00edses que acogen a los desplazados&#8221;.<\/p>\n<p>Por su parte, Bassil afirm\u00f3 que \u201cEl L\u00edbano apoya y espera implementar la iniciativa rusa sobre los desplazados sirios&#8221;, y expres\u00f3 su aprecio por la postura de Rusia que confirma sus principios para resolver los problemas de la regi\u00f3n.<\/p>\n<p><span style=\"color: #0000ff;\">F. Marouf\/ Dr. A. Shaban<\/span><\/p>\n","protected":false},"excerpt":{"rendered":"<p>Mosc\u00fa, SANA El ministro de Exteriores de Rusia, Sergei Lavrov, dijo que su pa\u00eds se esfuerza para acelerar la soluci\u00f3n del problema del retorno de los refugiados sirios a su pa\u00eds. Antes del inicio de sus conversaciones en Mosc\u00fa con su hom\u00f3logo liban\u00e9s, Gebran Bassil, Lavrov dijo: &#8220;Rusia present\u00f3 una iniciativa para resolver el problema &hellip;<\/p>\n","protected":false},"author":1,"featured_media":87704,"comment_status":"closed","ping_status":"closed","sticky":false,"template":"","format":"standard","meta":{"footnotes":""},"categories":[597,467,7541],"tags":[12444],"class_list":["post-87703","post","type-post","status-publish","format-standard","has-post-thumbnail","","category-cinta-de-noticias","category-siria-y-el-mundo","category-ultimas-noticias","tag-lavrov-rusia-busca-acelerar-el-retorno-de-refugiados-sirios-a-su-pais"],"_links":{"self":[{"href":"https:\/\/archive.sana.sy\/es\/index.php?rest_route=\/wp\/v2\/posts\/87703"}],"collection":[{"href":"https:\/\/archive.sana.sy\/es\/index.php?rest_route=\/wp\/v2\/posts"}],"about":[{"href":"https:\/\/archive.sana.sy\/es\/index.php?rest_route=\/wp\/v2\/types\/post"}],"author":[{"embeddable":true,"href":"https:\/\/archive.sana.sy\/es\/index.php?rest_route=\/wp\/v2\/users\/1"}],"replies":[{"embeddable":true,"href":"https:\/\/archive.sana.sy\/es\/index.php?rest_route=%2Fwp%2Fv2%2Fcomments&post=87703"}],"version-history":[{"count":0,"href":"https:\/\/archive.sana.sy\/es\/index.php?rest_route=\/wp\/v2\/posts\/87703\/revisions"}],"wp:featuredmedia":[{"embeddable":true,"href":"https:\/\/archive.sana.sy\/es\/index.php?rest_route=\/wp\/v2\/media\/87704"}],"wp:attachment":[{"href":"https:\/\/archive.sana.sy\/es\/index.php?rest_route=%2Fwp%2Fv2%2Fmedia&parent=87703"}],"wp:term":[{"taxonomy":"category","embeddable":true,"href":"https:\/\/archive.sana.sy\/es\/index.php?rest_route=%2Fwp%2Fv2%2Fcategories&post=87703"},{"taxonomy":"post_tag","embeddable":true,"href":"https:\/\/archive.sana.sy\/es\/index.php?rest_route=%2Fwp%2Fv2%2Ftags&post=87703"}],"curies":[{"name":"wp","href":"https:\/\/api.w.org\/{rel}","templated":true}]}}