{"id":87706,"date":"2018-08-20T11:25:22","date_gmt":"2018-08-20T08:25:22","guid":{"rendered":"https:\/\/www.sana.sy\/es\/?p=87706"},"modified":"2018-08-20T12:27:09","modified_gmt":"2018-08-20T09:27:09","slug":"continuan-obras-de-rehabilitacion-de-la-carretera-que-conduce-al-recinto-ferial-de-expo-damasco","status":"publish","type":"post","link":"https:\/\/archive.sana.sy\/es\/?p=87706","title":{"rendered":"Contin\u00faan obras de rehabilitaci\u00f3n de la carretera que conduce al recinto ferial de Expo-Damasco"},"content":{"rendered":"<p><span style=\"color: #800000;\">Damasco-campo, SANA<\/span><\/p>\n<p>El gobernador de la provincia de Damasco-campo, Alaa Ibrahim, inspeccion\u00f3 las obras de rehabilitaci\u00f3n y embellecimiento que est\u00e1n llevando en la carretera del Aeropuerto Internacional de Damasco.<\/p>\n<p>El tramo que est\u00e1 siendo rehabilitado tiene 23 km de largo y conduce hasta el recinto ferial de Expo-Damasco.<\/p>\n<p>Las obras que se est\u00e1n llevando a cabo en la carretera forman parte de los preparativos para la 60\u00aa edici\u00f3n de la Feria Internacional de Damasco que se celebrar\u00e1 del 6 al 15 del pr\u00f3ximo mes de septiembre.<\/p>\n<p>El gobernador Ibrahim confirm\u00f3 que finalizados los trabajos de rehabilitaci\u00f3n y embellecimiento, se lanzar\u00e1 una campa\u00f1a de limpieza para ambos lados de la carretera en cooperaci\u00f3n con la comunidad local.<\/p>\n<p>Por su parte, el jefe del Departamento de Agricultura en Damasco-campo, explic\u00f3 que ser\u00e1n plantadas 1000 plantas durante la pr\u00f3xima semana desde Damasco hasta la entrada del Recinto Ferial de Expo-Damasco.<\/p>\n<p><span style=\"color: #0000ff;\">F. Marouf\/ Dr. A. Shaban<\/span><\/p>\n","protected":false},"excerpt":{"rendered":"<p>Damasco-campo, SANA El gobernador de la provincia de Damasco-campo, Alaa Ibrahim, inspeccion\u00f3 las obras de rehabilitaci\u00f3n y embellecimiento que est\u00e1n llevando en la carretera del Aeropuerto Internacional de Damasco. El tramo que est\u00e1 siendo rehabilitado tiene 23 km de largo y conduce hasta el recinto ferial de Expo-Damasco. Las obras que se est\u00e1n llevando a &hellip;<\/p>\n","protected":false},"author":1,"featured_media":87707,"comment_status":"closed","ping_status":"closed","sticky":false,"template":"","format":"standard","meta":{"footnotes":""},"categories":[597,573,476,7541],"tags":[12445],"class_list":["post-87706","post","type-post","status-publish","format-standard","has-post-thumbnail","","category-cinta-de-noticias","category-la-realidad-de-los-acontecimientos-en-siria","category-locales","category-ultimas-noticias","tag-continuan-obras-de-rehabilitacion-de-la-carretera-que-conduce-al-recinto-ferial-de-expo-damasco"],"_links":{"self":[{"href":"https:\/\/archive.sana.sy\/es\/index.php?rest_route=\/wp\/v2\/posts\/87706"}],"collection":[{"href":"https:\/\/archive.sana.sy\/es\/index.php?rest_route=\/wp\/v2\/posts"}],"about":[{"href":"https:\/\/archive.sana.sy\/es\/index.php?rest_route=\/wp\/v2\/types\/post"}],"author":[{"embeddable":true,"href":"https:\/\/archive.sana.sy\/es\/index.php?rest_route=\/wp\/v2\/users\/1"}],"replies":[{"embeddable":true,"href":"https:\/\/archive.sana.sy\/es\/index.php?rest_route=%2Fwp%2Fv2%2Fcomments&post=87706"}],"version-history":[{"count":0,"href":"https:\/\/archive.sana.sy\/es\/index.php?rest_route=\/wp\/v2\/posts\/87706\/revisions"}],"wp:featuredmedia":[{"embeddable":true,"href":"https:\/\/archive.sana.sy\/es\/index.php?rest_route=\/wp\/v2\/media\/87707"}],"wp:attachment":[{"href":"https:\/\/archive.sana.sy\/es\/index.php?rest_route=%2Fwp%2Fv2%2Fmedia&parent=87706"}],"wp:term":[{"taxonomy":"category","embeddable":true,"href":"https:\/\/archive.sana.sy\/es\/index.php?rest_route=%2Fwp%2Fv2%2Fcategories&post=87706"},{"taxonomy":"post_tag","embeddable":true,"href":"https:\/\/archive.sana.sy\/es\/index.php?rest_route=%2Fwp%2Fv2%2Ftags&post=87706"}],"curies":[{"name":"wp","href":"https:\/\/api.w.org\/{rel}","templated":true}]}}