{"id":87728,"date":"2018-08-20T18:05:05","date_gmt":"2018-08-20T15:05:05","guid":{"rendered":"https:\/\/www.sana.sy\/es\/?p=87728"},"modified":"2018-08-20T18:05:05","modified_gmt":"2018-08-20T15:05:05","slug":"las-fuerzas-iraquies-aniquilan-a-cuatro-terroristas-en-la-provincia-de-kirkuk","status":"publish","type":"post","link":"https:\/\/archive.sana.sy\/es\/?p=87728","title":{"rendered":"Las fuerzas iraqu\u00edes aniquilan a cuatro terroristas en la provincia de Kirkuk"},"content":{"rendered":"<p>&nbsp;<\/p>\n<p><span style=\"color: #800000;\">Bagdad \u2013SANA<\/span><\/p>\n<p>Las fuerzas iraqu\u00edes acabaron con cuatro terroristas durante una operaci\u00f3n en la provincia de Kirkuk, al noreste de Iraq.<\/p>\n<p>Seg\u00fan el sitio web de al Sumarya, unidades de la Polic\u00eda Federal iniciaron una redada y operaci\u00f3n de registro en las zonas y localidades de Mutantar, tal Helala, al Khatuniya, Zeidan al Ajaj, Ali Resh, en la provincia de Kirkuk, causando la muerte de cuatro terroristas de Daesh, y la destrucci\u00f3n de un escondite, y hallaron armas y material b\u00e9lico en el barrio Industrial en al Hweija.<\/p>\n<p>Las fuerzas de seguridad arrestaron a dos terroristas de Daesh y desmantelaron 27 artefactos explosivos.<\/p>\n<p>&nbsp;<\/p>\n<p><span style=\"color: #0000ff;\">Akram. S<\/span><\/p>\n","protected":false},"excerpt":{"rendered":"<p>&nbsp; Bagdad \u2013SANA Las fuerzas iraqu\u00edes acabaron con cuatro terroristas durante una operaci\u00f3n en la provincia de Kirkuk, al noreste de Iraq. Seg\u00fan el sitio web de al Sumarya, unidades de la Polic\u00eda Federal iniciaron una redada y operaci\u00f3n de registro en las zonas y localidades de Mutantar, tal Helala, al Khatuniya, Zeidan al Ajaj, &hellip;<\/p>\n","protected":false},"author":1,"featured_media":87729,"comment_status":"closed","ping_status":"closed","sticky":false,"template":"","format":"standard","meta":{"footnotes":""},"categories":[597,456,7541],"tags":[],"class_list":["post-87728","post","type-post","status-publish","format-standard","has-post-thumbnail","","category-cinta-de-noticias","category-arabe-internacional-politica","category-ultimas-noticias"],"_links":{"self":[{"href":"https:\/\/archive.sana.sy\/es\/index.php?rest_route=\/wp\/v2\/posts\/87728"}],"collection":[{"href":"https:\/\/archive.sana.sy\/es\/index.php?rest_route=\/wp\/v2\/posts"}],"about":[{"href":"https:\/\/archive.sana.sy\/es\/index.php?rest_route=\/wp\/v2\/types\/post"}],"author":[{"embeddable":true,"href":"https:\/\/archive.sana.sy\/es\/index.php?rest_route=\/wp\/v2\/users\/1"}],"replies":[{"embeddable":true,"href":"https:\/\/archive.sana.sy\/es\/index.php?rest_route=%2Fwp%2Fv2%2Fcomments&post=87728"}],"version-history":[{"count":0,"href":"https:\/\/archive.sana.sy\/es\/index.php?rest_route=\/wp\/v2\/posts\/87728\/revisions"}],"wp:featuredmedia":[{"embeddable":true,"href":"https:\/\/archive.sana.sy\/es\/index.php?rest_route=\/wp\/v2\/media\/87729"}],"wp:attachment":[{"href":"https:\/\/archive.sana.sy\/es\/index.php?rest_route=%2Fwp%2Fv2%2Fmedia&parent=87728"}],"wp:term":[{"taxonomy":"category","embeddable":true,"href":"https:\/\/archive.sana.sy\/es\/index.php?rest_route=%2Fwp%2Fv2%2Fcategories&post=87728"},{"taxonomy":"post_tag","embeddable":true,"href":"https:\/\/archive.sana.sy\/es\/index.php?rest_route=%2Fwp%2Fv2%2Ftags&post=87728"}],"curies":[{"name":"wp","href":"https:\/\/api.w.org\/{rel}","templated":true}]}}