{"id":87731,"date":"2018-08-20T18:44:56","date_gmt":"2018-08-20T15:44:56","guid":{"rendered":"https:\/\/www.sana.sy\/es\/?p=87731"},"modified":"2018-08-20T18:52:23","modified_gmt":"2018-08-20T15:52:23","slug":"una-exposicion-de-objetos-reciclados-exhibe-los-productos-de-500-mujeres","status":"publish","type":"post","link":"https:\/\/archive.sana.sy\/es\/?p=87731","title":{"rendered":"Una exposici\u00f3n de objetos reciclados exhibe los productos de 500 mujeres"},"content":{"rendered":"<p>&nbsp;<\/p>\n<p><span style=\"color: #800000;\">Al Hasaka-SANA<\/span><\/p>\n<p>La exposici\u00f3n del proyecto caritativo \u201cAdim\u201d celebrado \u00faltimamente en al Hasaka incluy\u00f3 varios productos hechos a mano por 500 mujeres.<\/p>\n<p><img loading=\"lazy\" decoding=\"async\" class=\"size-medium wp-image-87734 alignright\" src=\"https:\/\/www.sana.sy\/es\/wp-content\/uploads\/2018\/08\/1-412-300x168-300x168.jpg\" alt=\"\" width=\"300\" height=\"168\" srcset=\"https:\/\/archive.sana.sy\/es\/wp-content\/uploads\/2018\/08\/1-412-300x168.jpg 300w, https:\/\/archive.sana.sy\/es\/wp-content\/uploads\/2018\/08\/1-412-300x168-150x84.jpg 150w\" sizes=\"(max-width: 300px) 100vw, 300px\" \/><\/p>\n<p style=\"text-align: left;\">La exposici\u00f3n dur\u00f3 tres d\u00edas, y la participante Farida Abdo dijo que\u00a0se benefici\u00f3 de los desechos como tarros, telas desgastadas, madera,\u00a0cart\u00f3n, y objetos antiguos para hacer cuadros y obras art\u00edsticas que se pueden usar como decoraci\u00f3n en casa o como regalos en alguna ocasi\u00f3n.<\/p>\n<p><img loading=\"lazy\" decoding=\"async\" class=\"size-medium wp-image-87735 alignright\" src=\"https:\/\/www.sana.sy\/es\/wp-content\/uploads\/2018\/08\/3-196-300x168-300x168.jpg\" alt=\"\" width=\"300\" height=\"168\" srcset=\"https:\/\/archive.sana.sy\/es\/wp-content\/uploads\/2018\/08\/3-196-300x168.jpg 300w, https:\/\/archive.sana.sy\/es\/wp-content\/uploads\/2018\/08\/3-196-300x168-150x84.jpg 150w\" sizes=\"(max-width: 300px) 100vw, 300px\" \/><\/p>\n<p style=\"text-align: left;\">El director del proyecto \u201cAdim\u201d Eisa Matli, dijo que los eventos del\u00a0proyecto duraron cinco meses, en colaboraci\u00f3n con el Programa de<br \/>\nDesarrollo de Naciones Unidas y la iglesia Evang\u00e9lica Nacional, y se realizaron varias actividades y eventos en el barrio de al Azizya en al Hasaka, como la rehabilitaci\u00f3n del parque p\u00fablico, las campa\u00f1as de sensibilizaci\u00f3n a las mujeres, la gesti\u00f3n de los residuos s\u00f3lidos, cursos de lengua inglesa, de inform\u00e1tica, y de pintura.<\/p>\n<p>&nbsp;<\/p>\n<p><span style=\"color: #0000ff;\">Akram. S<\/span><\/p>\n<p>&nbsp;<\/p>\n","protected":false},"excerpt":{"rendered":"<p>&nbsp; Al Hasaka-SANA La exposici\u00f3n del proyecto caritativo \u201cAdim\u201d celebrado \u00faltimamente en al Hasaka incluy\u00f3 varios productos hechos a mano por 500 mujeres. La exposici\u00f3n dur\u00f3 tres d\u00edas, y la participante Farida Abdo dijo que\u00a0se benefici\u00f3 de los desechos como tarros, telas desgastadas, madera,\u00a0cart\u00f3n, y objetos antiguos para hacer cuadros y obras art\u00edsticas que se &hellip;<\/p>\n","protected":false},"author":1,"featured_media":87732,"comment_status":"closed","ping_status":"closed","sticky":false,"template":"","format":"standard","meta":{"footnotes":""},"categories":[597,510,476,7541],"tags":[],"class_list":["post-87731","post","type-post","status-publish","format-standard","has-post-thumbnail","","category-cinta-de-noticias","category-arte-y-cultura","category-locales","category-ultimas-noticias"],"_links":{"self":[{"href":"https:\/\/archive.sana.sy\/es\/index.php?rest_route=\/wp\/v2\/posts\/87731"}],"collection":[{"href":"https:\/\/archive.sana.sy\/es\/index.php?rest_route=\/wp\/v2\/posts"}],"about":[{"href":"https:\/\/archive.sana.sy\/es\/index.php?rest_route=\/wp\/v2\/types\/post"}],"author":[{"embeddable":true,"href":"https:\/\/archive.sana.sy\/es\/index.php?rest_route=\/wp\/v2\/users\/1"}],"replies":[{"embeddable":true,"href":"https:\/\/archive.sana.sy\/es\/index.php?rest_route=%2Fwp%2Fv2%2Fcomments&post=87731"}],"version-history":[{"count":0,"href":"https:\/\/archive.sana.sy\/es\/index.php?rest_route=\/wp\/v2\/posts\/87731\/revisions"}],"wp:featuredmedia":[{"embeddable":true,"href":"https:\/\/archive.sana.sy\/es\/index.php?rest_route=\/wp\/v2\/media\/87732"}],"wp:attachment":[{"href":"https:\/\/archive.sana.sy\/es\/index.php?rest_route=%2Fwp%2Fv2%2Fmedia&parent=87731"}],"wp:term":[{"taxonomy":"category","embeddable":true,"href":"https:\/\/archive.sana.sy\/es\/index.php?rest_route=%2Fwp%2Fv2%2Fcategories&post=87731"},{"taxonomy":"post_tag","embeddable":true,"href":"https:\/\/archive.sana.sy\/es\/index.php?rest_route=%2Fwp%2Fv2%2Ftags&post=87731"}],"curies":[{"name":"wp","href":"https:\/\/api.w.org\/{rel}","templated":true}]}}