{"id":87742,"date":"2018-08-20T19:05:00","date_gmt":"2018-08-20T16:05:00","guid":{"rendered":"https:\/\/www.sana.sy\/es\/?p=87742"},"modified":"2018-08-20T20:00:49","modified_gmt":"2018-08-20T17:00:49","slug":"basil-el-pueblo-sirio-es-quien-decide-el-futro-de-su-pais","status":"publish","type":"post","link":"https:\/\/archive.sana.sy\/es\/?p=87742","title":{"rendered":"Basil: El pueblo sirio es quien decide el futuro de su pa\u00eds"},"content":{"rendered":"<p>&nbsp;<\/p>\n<p><span style=\"color: #800000;\">Mosc\u00fa-SANA<\/span><\/p>\n<p>El ministro de Exteriores liban\u00e9s, Jibran Basil, afirm\u00f3 que las relaciones entre Siria y el L\u00edbano se mantienen como siempre, y no hay ning\u00fan motivo para inventar una crisis de relaciones.<\/p>\n<p>Basil se\u00f1al\u00f3 que el L\u00edbano est\u00e1 con la estabilidad y la paz en Siria, y el pueblo sirio es quien decide el futuro de su pa\u00eds.<\/p>\n<p>Y respecto al retorno de los desplazados sirios, Basil aclar\u00f3 que hay una coordinaci\u00f3n entre el L\u00edbano y Siria para su regreso a sus hogares y facilitar este proceso.<\/p>\n<p>&nbsp;<\/p>\n<p><span style=\"color: #0000ff;\">Akram. S<\/span><\/p>\n","protected":false},"excerpt":{"rendered":"<p>&nbsp; Mosc\u00fa-SANA El ministro de Exteriores liban\u00e9s, Jibran Basil, afirm\u00f3 que las relaciones entre Siria y el L\u00edbano se mantienen como siempre, y no hay ning\u00fan motivo para inventar una crisis de relaciones. Basil se\u00f1al\u00f3 que el L\u00edbano est\u00e1 con la estabilidad y la paz en Siria, y el pueblo sirio es quien decide el &hellip;<\/p>\n","protected":false},"author":1,"featured_media":87743,"comment_status":"closed","ping_status":"closed","sticky":false,"template":"","format":"standard","meta":{"footnotes":""},"categories":[597,467,7541],"tags":[],"class_list":["post-87742","post","type-post","status-publish","format-standard","has-post-thumbnail","","category-cinta-de-noticias","category-siria-y-el-mundo","category-ultimas-noticias"],"_links":{"self":[{"href":"https:\/\/archive.sana.sy\/es\/index.php?rest_route=\/wp\/v2\/posts\/87742"}],"collection":[{"href":"https:\/\/archive.sana.sy\/es\/index.php?rest_route=\/wp\/v2\/posts"}],"about":[{"href":"https:\/\/archive.sana.sy\/es\/index.php?rest_route=\/wp\/v2\/types\/post"}],"author":[{"embeddable":true,"href":"https:\/\/archive.sana.sy\/es\/index.php?rest_route=\/wp\/v2\/users\/1"}],"replies":[{"embeddable":true,"href":"https:\/\/archive.sana.sy\/es\/index.php?rest_route=%2Fwp%2Fv2%2Fcomments&post=87742"}],"version-history":[{"count":0,"href":"https:\/\/archive.sana.sy\/es\/index.php?rest_route=\/wp\/v2\/posts\/87742\/revisions"}],"wp:featuredmedia":[{"embeddable":true,"href":"https:\/\/archive.sana.sy\/es\/index.php?rest_route=\/wp\/v2\/media\/87743"}],"wp:attachment":[{"href":"https:\/\/archive.sana.sy\/es\/index.php?rest_route=%2Fwp%2Fv2%2Fmedia&parent=87742"}],"wp:term":[{"taxonomy":"category","embeddable":true,"href":"https:\/\/archive.sana.sy\/es\/index.php?rest_route=%2Fwp%2Fv2%2Fcategories&post=87742"},{"taxonomy":"post_tag","embeddable":true,"href":"https:\/\/archive.sana.sy\/es\/index.php?rest_route=%2Fwp%2Fv2%2Ftags&post=87742"}],"curies":[{"name":"wp","href":"https:\/\/api.w.org\/{rel}","templated":true}]}}