{"id":87753,"date":"2018-08-20T20:00:51","date_gmt":"2018-08-20T17:00:51","guid":{"rendered":"https:\/\/www.sana.sy\/es\/?p=87753"},"modified":"2018-08-20T20:43:23","modified_gmt":"2018-08-20T17:43:23","slug":"una-exposicion-en-homenaje-al-artista-mundial-de-origen-sirio-bahjat-iskandar-en-hungria","status":"publish","type":"post","link":"https:\/\/archive.sana.sy\/es\/?p=87753","title":{"rendered":"Una exposici\u00f3n en homenaje al artista mundial de origen sirio Bahjat Isk\u00e1ndar en Hungr\u00eda"},"content":{"rendered":"<p><span style=\"color: #800000;\">Budapest-SANA<\/span><\/p>\n<p>Se inaugur\u00f3 en la ciudad h\u00fangara de Kecskem\u00e9t una exposici\u00f3n de obras en homenaje al artista mundial de origen sirio, Bahjat Isk\u00e1ndar, con m\u00e1s de cien obras art\u00edsticas en el \u00e1rea de fotograf\u00edas, y que durar\u00e1 hasta el pr\u00f3ximo 10 de septiembre.<\/p>\n<p>A la ceremonia de inauguraci\u00f3n acudieron altos funcionarios en la ciudad de Kecskem\u00e9t, los directores de las instituciones culturales, art\u00edsticas, embajadores, y una multitud de ciudadanos h\u00fangaros y de la comunidad siria.<\/p>\n<p><span style=\"color: #0000ff;\">Akram. S<\/span><\/p>\n<p><img loading=\"lazy\" decoding=\"async\" class=\"aligncenter wp-image-87755 size-full\" src=\"https:\/\/www.sana.sy\/es\/wp-content\/uploads\/2018\/08\/10-85.jpg\" alt=\"\" width=\"660\" height=\"440\" srcset=\"https:\/\/archive.sana.sy\/es\/wp-content\/uploads\/2018\/08\/10-85.jpg 660w, https:\/\/archive.sana.sy\/es\/wp-content\/uploads\/2018\/08\/10-85-150x100.jpg 150w, https:\/\/archive.sana.sy\/es\/wp-content\/uploads\/2018\/08\/10-85-300x200.jpg 300w\" sizes=\"(max-width: 660px) 100vw, 660px\" \/><\/p>\n<p><img loading=\"lazy\" decoding=\"async\" class=\"aligncenter wp-image-87756 size-full\" src=\"https:\/\/www.sana.sy\/es\/wp-content\/uploads\/2018\/08\/12-55.jpg\" alt=\"\" width=\"660\" height=\"440\" srcset=\"https:\/\/archive.sana.sy\/es\/wp-content\/uploads\/2018\/08\/12-55.jpg 660w, https:\/\/archive.sana.sy\/es\/wp-content\/uploads\/2018\/08\/12-55-150x100.jpg 150w, https:\/\/archive.sana.sy\/es\/wp-content\/uploads\/2018\/08\/12-55-300x200.jpg 300w\" sizes=\"(max-width: 660px) 100vw, 660px\" \/><\/p>\n<p><img loading=\"lazy\" decoding=\"async\" class=\"aligncenter wp-image-87757 size-full\" src=\"https:\/\/www.sana.sy\/es\/wp-content\/uploads\/2018\/08\/11-90.jpg\" alt=\"\" width=\"660\" height=\"370\" srcset=\"https:\/\/archive.sana.sy\/es\/wp-content\/uploads\/2018\/08\/11-90.jpg 660w, https:\/\/archive.sana.sy\/es\/wp-content\/uploads\/2018\/08\/11-90-150x84.jpg 150w, https:\/\/archive.sana.sy\/es\/wp-content\/uploads\/2018\/08\/11-90-300x168.jpg 300w\" sizes=\"(max-width: 660px) 100vw, 660px\" \/><\/p>\n","protected":false},"excerpt":{"rendered":"<p>Budapest-SANA Se inaugur\u00f3 en la ciudad h\u00fangara de Kecskem\u00e9t una exposici\u00f3n de obras en homenaje al artista mundial de origen sirio, Bahjat Isk\u00e1ndar, con m\u00e1s de cien obras art\u00edsticas en el \u00e1rea de fotograf\u00edas, y que durar\u00e1 hasta el pr\u00f3ximo 10 de septiembre. A la ceremonia de inauguraci\u00f3n acudieron altos funcionarios en la ciudad de &hellip;<\/p>\n","protected":false},"author":1,"featured_media":87754,"comment_status":"closed","ping_status":"closed","sticky":false,"template":"","format":"standard","meta":{"footnotes":""},"categories":[510,476,7541],"tags":[],"class_list":["post-87753","post","type-post","status-publish","format-standard","has-post-thumbnail","","category-arte-y-cultura","category-locales","category-ultimas-noticias"],"_links":{"self":[{"href":"https:\/\/archive.sana.sy\/es\/index.php?rest_route=\/wp\/v2\/posts\/87753"}],"collection":[{"href":"https:\/\/archive.sana.sy\/es\/index.php?rest_route=\/wp\/v2\/posts"}],"about":[{"href":"https:\/\/archive.sana.sy\/es\/index.php?rest_route=\/wp\/v2\/types\/post"}],"author":[{"embeddable":true,"href":"https:\/\/archive.sana.sy\/es\/index.php?rest_route=\/wp\/v2\/users\/1"}],"replies":[{"embeddable":true,"href":"https:\/\/archive.sana.sy\/es\/index.php?rest_route=%2Fwp%2Fv2%2Fcomments&post=87753"}],"version-history":[{"count":0,"href":"https:\/\/archive.sana.sy\/es\/index.php?rest_route=\/wp\/v2\/posts\/87753\/revisions"}],"wp:featuredmedia":[{"embeddable":true,"href":"https:\/\/archive.sana.sy\/es\/index.php?rest_route=\/wp\/v2\/media\/87754"}],"wp:attachment":[{"href":"https:\/\/archive.sana.sy\/es\/index.php?rest_route=%2Fwp%2Fv2%2Fmedia&parent=87753"}],"wp:term":[{"taxonomy":"category","embeddable":true,"href":"https:\/\/archive.sana.sy\/es\/index.php?rest_route=%2Fwp%2Fv2%2Fcategories&post=87753"},{"taxonomy":"post_tag","embeddable":true,"href":"https:\/\/archive.sana.sy\/es\/index.php?rest_route=%2Fwp%2Fv2%2Ftags&post=87753"}],"curies":[{"name":"wp","href":"https:\/\/api.w.org\/{rel}","templated":true}]}}