{"id":87773,"date":"2018-08-21T08:07:25","date_gmt":"2018-08-21T05:07:25","guid":{"rendered":"https:\/\/www.sana.sy\/es\/?p=87773"},"modified":"2018-08-22T18:45:23","modified_gmt":"2018-08-22T15:45:23","slug":"ministro-de-awqaf-se-le-privo-a-los-sirios-de-efectuar-la-peregrinacion-por-injusta-decision-del-regimen-saudita","status":"publish","type":"post","link":"https:\/\/archive.sana.sy\/es\/?p=87773","title":{"rendered":"Ministro de Awqaf: se le priv\u00f3 a los sirios de efectuar la peregrinaci\u00f3n por injusta decisi\u00f3n del r\u00e9gimen saudita"},"content":{"rendered":"<p><span style=\"color: #800000\">Damasco, SANA<\/span><\/p>\n<p>El Ministro de Asuntos Religiosos (Awqaf), Mohammad Abdul Sattar Al-Sayyed, dijo que por sexto a\u00f1o consecutivo se le priva a los sirios de efectuar el ritual de la peregrinaci\u00f3n a la sagrada Meca, por injusta decisi\u00f3n pol\u00edtica del r\u00e9gimen wahabita de Arabia Saudita.<\/p>\n<p>En una alocuci\u00f3n televisiva con motivo de Eid Al-Adha \u2013 la fiesta musulmana del sacrificio &#8211; el ministro Al-Sayyed afirm\u00f3 que \u201cel pueblo sirio, con su patriotismo latente, es capaz de superar las adversidades y frustrar cualquier complot que pretende desestabilizar y destruir a su pa\u00eds\u201d.<\/p>\n<p>El Titular sirio indic\u00f3 que Eid Al-Adha es una fiesta que simboliza el sacrificio, la paciencia, la resistencia y la fe; y este a\u00f1o coincide con las sucesivas victorias del Ej\u00e9rcito \u00c1rabe Sirio contra el terrorismo y los agresores.<\/p>\n<p><span style=\"color: #0000ff\">F.Marouf\/ Dr. A. Shaban<\/span><\/p>\n","protected":false},"excerpt":{"rendered":"<p>Damasco, SANA El Ministro de Asuntos Religiosos (Awqaf), Mohammad Abdul Sattar Al-Sayyed, dijo que por sexto a\u00f1o consecutivo se le priva a los sirios de efectuar el ritual de la peregrinaci\u00f3n a la sagrada Meca, por injusta decisi\u00f3n pol\u00edtica del r\u00e9gimen wahabita de Arabia Saudita. En una alocuci\u00f3n televisiva con motivo de Eid Al-Adha \u2013 &hellip;<\/p>\n","protected":false},"author":1,"featured_media":87774,"comment_status":"closed","ping_status":"closed","sticky":false,"template":"","format":"standard","meta":{"footnotes":""},"categories":[597,476,7541],"tags":[12449],"class_list":["post-87773","post","type-post","status-publish","format-standard","has-post-thumbnail","","category-cinta-de-noticias","category-locales","category-ultimas-noticias","tag-ministro-de-awqaf-se-le-privo-a-los-sirios-de-efectuar-la-peregrinacion-por-injusta-decision-del-regimen-saudita"],"_links":{"self":[{"href":"https:\/\/archive.sana.sy\/es\/index.php?rest_route=\/wp\/v2\/posts\/87773"}],"collection":[{"href":"https:\/\/archive.sana.sy\/es\/index.php?rest_route=\/wp\/v2\/posts"}],"about":[{"href":"https:\/\/archive.sana.sy\/es\/index.php?rest_route=\/wp\/v2\/types\/post"}],"author":[{"embeddable":true,"href":"https:\/\/archive.sana.sy\/es\/index.php?rest_route=\/wp\/v2\/users\/1"}],"replies":[{"embeddable":true,"href":"https:\/\/archive.sana.sy\/es\/index.php?rest_route=%2Fwp%2Fv2%2Fcomments&post=87773"}],"version-history":[{"count":0,"href":"https:\/\/archive.sana.sy\/es\/index.php?rest_route=\/wp\/v2\/posts\/87773\/revisions"}],"wp:featuredmedia":[{"embeddable":true,"href":"https:\/\/archive.sana.sy\/es\/index.php?rest_route=\/wp\/v2\/media\/87774"}],"wp:attachment":[{"href":"https:\/\/archive.sana.sy\/es\/index.php?rest_route=%2Fwp%2Fv2%2Fmedia&parent=87773"}],"wp:term":[{"taxonomy":"category","embeddable":true,"href":"https:\/\/archive.sana.sy\/es\/index.php?rest_route=%2Fwp%2Fv2%2Fcategories&post=87773"},{"taxonomy":"post_tag","embeddable":true,"href":"https:\/\/archive.sana.sy\/es\/index.php?rest_route=%2Fwp%2Fv2%2Ftags&post=87773"}],"curies":[{"name":"wp","href":"https:\/\/api.w.org\/{rel}","templated":true}]}}