{"id":87842,"date":"2018-08-22T18:00:48","date_gmt":"2018-08-22T15:00:48","guid":{"rendered":"https:\/\/www.sana.sy\/es\/?p=87842"},"modified":"2023-01-10T15:16:25","modified_gmt":"2023-01-10T13:16:25","slug":"izvestia-siria-y-rusia-firmaran-importantes-acuerdos-al-margen-de-la-feria-internacional-de-damasco","status":"publish","type":"post","link":"https:\/\/archive.sana.sy\/es\/?p=87842","title":{"rendered":"Izvestia: Siria y Rusia firmar\u00e1n importantes acuerdos al margen de la Feria Internacional de Damasco"},"content":{"rendered":"<p><span style=\"color: #800000\">Mosc\u00fa, SANA<\/span><\/p>\n<p>La revista rusa <em>Izvestia<\/em> se\u00f1al\u00f3 que la Feria Internacional de Damasco en su 60 edici\u00f3n se considera uno de los m\u00e1s importantes eventos feriales en Oriente Medio, y que la misma representar\u00e1 una nueva etapa de cooperaci\u00f3n entre Siria y Rusia.<\/p>\n<p>En su edici\u00f3n de este mi\u00e9rcoles <em>Izvestia<\/em> public\u00f3 un art\u00edculo bautizado \u201cla Feria de las Oportunidades Disponibles\u201d, en el que se\u00f1al\u00f3 que este a\u00f1o el pabell\u00f3n de Rusia en la FID ocupar\u00e1 una superficie de m\u00e1s de 500 metros cuadrados. En esta edici\u00f3n de la FID se celebrar\u00e1n varias sesiones entre hombres de negocio sirios y rusos en las cuales se abordar\u00e1n temas relacionadas con la cooperaci\u00f3n en los campos de agricultura, industria, comercio, energ\u00eda, reconstrucci\u00f3n, transporte y telecomunicaciones entre otros, subray\u00f3.<\/p>\n<p>Continu\u00f3 que seg\u00fan la oficina de prensa del Ministerio de Industria y Comercio ruso, la delegaci\u00f3n rusa a la FID incluir\u00e1 a representantes de organismos estatales y de compa\u00f1\u00edas de ciudades y zonas rusas desarrolladas a nivel industrial tales como Mosc\u00fa, Petersburgo, y Rostov.<\/p>\n<p>Durante la edici\u00f3n actual de la FID se firmar\u00e1n importantes acuerdos entre Siria y Rusia en varios proyectos ya estudiados anteriormente. Y al margen de la Feria y en el marco de la Comisi\u00f3n de Acci\u00f3n Industrial ser\u00e1 suscrita la hoja de ruta com\u00fan acerca de la cooperaci\u00f3n industrial y comercial para los a\u00f1os desde 2018 a 2020, as\u00ed como ser\u00e1 firmado un memor\u00e1ndum de entendimiento entre el Ministerio de Industria y Comercio ruso y el Ministerio de Industria sirio, aclar\u00f3.<\/p>\n<p>Despu\u00e9s de un periodo de suspensi\u00f3n del a\u00f1o 2012 a 2016, la 59 edici\u00f3n de la FID se celebr\u00f3 el a\u00f1o pasado y cont\u00f3 con la participaci\u00f3n de 43 pa\u00edses y dos millones de visitantes, inform\u00f3 la revista rusa.<\/p>\n<p>&nbsp;<\/p>\n<p>Lynn A.<\/p>\n","protected":false},"excerpt":{"rendered":"<p>Mosc\u00fa, SANA La revista rusa Izvestia se\u00f1al\u00f3 que la Feria Internacional de Damasco en su 60 edici\u00f3n se considera uno de los m\u00e1s importantes eventos feriales en Oriente Medio, y que la misma representar\u00e1 una nueva etapa de cooperaci\u00f3n entre Siria y Rusia. En su edici\u00f3n de este mi\u00e9rcoles Izvestia public\u00f3 un art\u00edculo bautizado \u201cla &hellip;<\/p>\n","protected":false},"author":24,"featured_media":87843,"comment_status":"closed","ping_status":"closed","sticky":false,"template":"","format":"standard","meta":{"footnotes":""},"categories":[485,7541],"tags":[],"class_list":["post-87842","post","type-post","status-publish","format-standard","has-post-thumbnail","","category-informes-negocios-y-finanzas","category-ultimas-noticias"],"_links":{"self":[{"href":"https:\/\/archive.sana.sy\/es\/index.php?rest_route=\/wp\/v2\/posts\/87842"}],"collection":[{"href":"https:\/\/archive.sana.sy\/es\/index.php?rest_route=\/wp\/v2\/posts"}],"about":[{"href":"https:\/\/archive.sana.sy\/es\/index.php?rest_route=\/wp\/v2\/types\/post"}],"author":[{"embeddable":true,"href":"https:\/\/archive.sana.sy\/es\/index.php?rest_route=\/wp\/v2\/users\/24"}],"replies":[{"embeddable":true,"href":"https:\/\/archive.sana.sy\/es\/index.php?rest_route=%2Fwp%2Fv2%2Fcomments&post=87842"}],"version-history":[{"count":0,"href":"https:\/\/archive.sana.sy\/es\/index.php?rest_route=\/wp\/v2\/posts\/87842\/revisions"}],"wp:featuredmedia":[{"embeddable":true,"href":"https:\/\/archive.sana.sy\/es\/index.php?rest_route=\/wp\/v2\/media\/87843"}],"wp:attachment":[{"href":"https:\/\/archive.sana.sy\/es\/index.php?rest_route=%2Fwp%2Fv2%2Fmedia&parent=87842"}],"wp:term":[{"taxonomy":"category","embeddable":true,"href":"https:\/\/archive.sana.sy\/es\/index.php?rest_route=%2Fwp%2Fv2%2Fcategories&post=87842"},{"taxonomy":"post_tag","embeddable":true,"href":"https:\/\/archive.sana.sy\/es\/index.php?rest_route=%2Fwp%2Fv2%2Ftags&post=87842"}],"curies":[{"name":"wp","href":"https:\/\/api.w.org\/{rel}","templated":true}]}}