{"id":87977,"date":"2018-08-25T15:00:52","date_gmt":"2018-08-25T12:00:52","guid":{"rendered":"https:\/\/www.sana.sy\/es\/?p=87977"},"modified":"2018-08-25T15:02:09","modified_gmt":"2018-08-25T12:02:09","slug":"el-ejercito-toma-el-control-de-nuevas-areas-en-las-inmediaciones-de-las-colinas-de-al-safa-en-el-campo-de-sweida","status":"publish","type":"post","link":"https:\/\/archive.sana.sy\/es\/?p=87977","title":{"rendered":"El Ej\u00e9rcito toma el control de nuevas \u00e1reas en las inmediaciones de las Colinas de al Safa en el campo de Sweida"},"content":{"rendered":"<p><span style=\"color: #800000;\">Sweida-SANA <\/span><\/p>\n<p>Unidades del Ej\u00e9rcito sirio, apoyadas por las fuerzas de respaldo, continuaron su avance en las inmediaciones de las colinas de al Safa en el desierto sirio del este de Sweida, y estrecharon el cerco contra lo que quedan de los terroristas de Daesh atrincherados en los acantilados rocosos escabrosos.<\/p>\n<p>Las fuerzas del Ej\u00e9rcito tomaron el control de nuevas \u00e1reas en el eje del Sheikh Hussein, Um Marzakh, en las Colinas de al Safa en el campo este, despu\u00e9s de duros enfrentamientos con los terroristas de Daesh en los que infligieron muertos y heridos, entre ellos francotiradores que se aprovechan de los acantilados y la naturaleza escabrosa para moverse y esconderse, en un intento desesperado para obstaculizar el avance del ej\u00e9rcito.<\/p>\n<p>El ej\u00e9rcito logr\u00f3 un nuevo avance en el eje de la colina de Ganem, y acab\u00f3 con varios terroristas de Daesh y les destruy\u00f3 dos veh\u00edculos equipados con ametralladoras pesadas en las inmediaciones de al Hawi y Khirbet al Hawi.<\/p>\n<p>Despu\u00e9s de fortalecer los puntos militares en las inmediaciones de las colinas de al Safa, el Ej\u00e9rcito estrech\u00f3 el cerco contra los terroristas de Daesh.<\/p>\n<p>&nbsp;<\/p>\n<p><span style=\"color: #0000ff;\">Akram. S<\/span><\/p>\n","protected":false},"excerpt":{"rendered":"<p>Sweida-SANA Unidades del Ej\u00e9rcito sirio, apoyadas por las fuerzas de respaldo, continuaron su avance en las inmediaciones de las colinas de al Safa en el desierto sirio del este de Sweida, y estrecharon el cerco contra lo que quedan de los terroristas de Daesh atrincherados en los acantilados rocosos escabrosos. Las fuerzas del Ej\u00e9rcito tomaron &hellip;<\/p>\n","protected":false},"author":1,"featured_media":87978,"comment_status":"closed","ping_status":"closed","sticky":false,"template":"","format":"standard","meta":{"footnotes":""},"categories":[597,476,583],"tags":[],"class_list":["post-87977","post","type-post","status-publish","format-standard","has-post-thumbnail","","category-cinta-de-noticias","category-locales","category-slide"],"_links":{"self":[{"href":"https:\/\/archive.sana.sy\/es\/index.php?rest_route=\/wp\/v2\/posts\/87977"}],"collection":[{"href":"https:\/\/archive.sana.sy\/es\/index.php?rest_route=\/wp\/v2\/posts"}],"about":[{"href":"https:\/\/archive.sana.sy\/es\/index.php?rest_route=\/wp\/v2\/types\/post"}],"author":[{"embeddable":true,"href":"https:\/\/archive.sana.sy\/es\/index.php?rest_route=\/wp\/v2\/users\/1"}],"replies":[{"embeddable":true,"href":"https:\/\/archive.sana.sy\/es\/index.php?rest_route=%2Fwp%2Fv2%2Fcomments&post=87977"}],"version-history":[{"count":0,"href":"https:\/\/archive.sana.sy\/es\/index.php?rest_route=\/wp\/v2\/posts\/87977\/revisions"}],"wp:featuredmedia":[{"embeddable":true,"href":"https:\/\/archive.sana.sy\/es\/index.php?rest_route=\/wp\/v2\/media\/87978"}],"wp:attachment":[{"href":"https:\/\/archive.sana.sy\/es\/index.php?rest_route=%2Fwp%2Fv2%2Fmedia&parent=87977"}],"wp:term":[{"taxonomy":"category","embeddable":true,"href":"https:\/\/archive.sana.sy\/es\/index.php?rest_route=%2Fwp%2Fv2%2Fcategories&post=87977"},{"taxonomy":"post_tag","embeddable":true,"href":"https:\/\/archive.sana.sy\/es\/index.php?rest_route=%2Fwp%2Fv2%2Ftags&post=87977"}],"curies":[{"name":"wp","href":"https:\/\/api.w.org\/{rel}","templated":true}]}}