{"id":87983,"date":"2018-08-25T20:15:29","date_gmt":"2018-08-25T17:15:29","guid":{"rendered":"https:\/\/www.sana.sy\/es\/?p=87983"},"modified":"2018-08-25T20:20:04","modified_gmt":"2018-08-25T17:20:04","slug":"en-representacion-del-presidente-al-assad-el-embajador-haddad-participa-en-un-festejo-por-el-x-aniversario-del-reconocimiento-por-rusia-de-la-independencia-de-osetia-del-sur","status":"publish","type":"post","link":"https:\/\/archive.sana.sy\/es\/?p=87983","title":{"rendered":"En  representaci\u00f3n del presidente al-Assad, el embajador Haddad participa en un festejo por el X aniversario del reconocimiento por Rusia de la independencia de Osetia del Sur"},"content":{"rendered":"<p style=\"text-align: justify;\"><span style=\"color: #800000;\">Tsjinvali, SANA<\/span><\/p>\n<p style=\"text-align: justify;\">En representaci\u00f3n del presidenteBashar al-Assad, el embajador de Siria ante Rusia Dr. Riyad Haddad particip\u00f3 en el acto que se realiz\u00f3 hoy por transcurrirse diez a\u00f1os al reconocimiento por la Federaci\u00f3n Rusa de la independencia de Osetia del Sur en presencia del presidente Anatoli Bibilov.<\/p>\n<p style=\"text-align: justify;\">El embajador Haddad, en una alocuci\u00f3n durante el acto, transmiti\u00f3 los saludos del presidente al-Assad y su agradecimiento al presidente Bibilov por la invitaci\u00f3n a \u00e9l dirigida para presenciar este\u00a0 festejo importante, y explic\u00f3 que el presidente al-Assad confiere una importancia a las relaciones bilaterales que deben desarrollarse por el bien com\u00fan de los dos pa\u00edses.<\/p>\n<p style=\"text-align: justify;\">El embajador Haddad se\u00f1al\u00f3 que el reconocimiento oficial por parte de la Rep\u00fablica \u00c1rabe de Siria a la Rep\u00fablica de Osetia del Sur y el establecimiento de relaciones diplom\u00e1ticas a nivel de embajadores reafirma la visi\u00f3n siria sobre el derecho del pueblo de Osetia del Sur a tener su propio estado acorde a la Carta de Naciones Unidas y los preceptos del derecho internacional.<\/p>\n<p><span style=\"color: #000080;\">Dr. Ahmad Shaban<\/span><\/p>\n","protected":false},"excerpt":{"rendered":"<p>Tsjinvali, SANA En representaci\u00f3n del presidenteBashar al-Assad, el embajador de Siria ante Rusia Dr. Riyad Haddad particip\u00f3 en el acto que se realiz\u00f3 hoy por transcurrirse diez a\u00f1os al reconocimiento por la Federaci\u00f3n Rusa de la independencia de Osetia del Sur en presencia del presidente Anatoli Bibilov. El embajador Haddad, en una alocuci\u00f3n durante el &hellip;<\/p>\n","protected":false},"author":1,"featured_media":87984,"comment_status":"closed","ping_status":"closed","sticky":false,"template":"","format":"standard","meta":{"footnotes":""},"categories":[597,467,583],"tags":[12473,12472],"class_list":["post-87983","post","type-post","status-publish","format-standard","has-post-thumbnail","","category-cinta-de-noticias","category-siria-y-el-mundo","category-slide","tag-el-embajador-haddad-participa-en-un-festejo-por-el-x-aniversario-del-reconocimiento-por-rusia-de-la-independencia-de-osetia-del-sur","tag-en-representacion-del-presidente-al-assad"],"_links":{"self":[{"href":"https:\/\/archive.sana.sy\/es\/index.php?rest_route=\/wp\/v2\/posts\/87983"}],"collection":[{"href":"https:\/\/archive.sana.sy\/es\/index.php?rest_route=\/wp\/v2\/posts"}],"about":[{"href":"https:\/\/archive.sana.sy\/es\/index.php?rest_route=\/wp\/v2\/types\/post"}],"author":[{"embeddable":true,"href":"https:\/\/archive.sana.sy\/es\/index.php?rest_route=\/wp\/v2\/users\/1"}],"replies":[{"embeddable":true,"href":"https:\/\/archive.sana.sy\/es\/index.php?rest_route=%2Fwp%2Fv2%2Fcomments&post=87983"}],"version-history":[{"count":0,"href":"https:\/\/archive.sana.sy\/es\/index.php?rest_route=\/wp\/v2\/posts\/87983\/revisions"}],"wp:featuredmedia":[{"embeddable":true,"href":"https:\/\/archive.sana.sy\/es\/index.php?rest_route=\/wp\/v2\/media\/87984"}],"wp:attachment":[{"href":"https:\/\/archive.sana.sy\/es\/index.php?rest_route=%2Fwp%2Fv2%2Fmedia&parent=87983"}],"wp:term":[{"taxonomy":"category","embeddable":true,"href":"https:\/\/archive.sana.sy\/es\/index.php?rest_route=%2Fwp%2Fv2%2Fcategories&post=87983"},{"taxonomy":"post_tag","embeddable":true,"href":"https:\/\/archive.sana.sy\/es\/index.php?rest_route=%2Fwp%2Fv2%2Ftags&post=87983"}],"curies":[{"name":"wp","href":"https:\/\/api.w.org\/{rel}","templated":true}]}}