{"id":87989,"date":"2018-08-26T11:53:23","date_gmt":"2018-08-26T08:53:23","guid":{"rendered":"https:\/\/www.sana.sy\/es\/?p=87989"},"modified":"2023-01-10T15:35:04","modified_gmt":"2023-01-10T13:35:04","slug":"titulares-de-la-prensa-nacional-publicada-este-domingo-26-de-agosto","status":"publish","type":"post","link":"https:\/\/archive.sana.sy\/es\/?p=87989","title":{"rendered":"Titulares de la prensa nacional publicada este domingo 26 de Agosto"},"content":{"rendered":"<p><span style=\"color: #800000;\">Damasco, SANA<\/span><\/p>\n<p>Los principales diarios nacionales sirios destacaron los siguientes titulares:<\/p>\n<p>&#8211; Consejo de Ministros aprueba un paquete de medidas para prepararse al curso escolar 2018-2019.<\/p>\n<p>&#8211; 376 instalaciones industriales entran en producci\u00f3n en el primer semestre del 2018.<\/p>\n<p>&#8211; Embajador sirio en Mosc\u00fa representa al presidente Al-Assad y asiste a las celebraciones por el d\u00e9cimo aniversario del reconocimiento ruso a la independencia de Ostia del Sur.<\/p>\n<p>&#8211; 2800 toneladas de higos y uvas es la producci\u00f3n de la provincia de Quneitra para esta temporada.<\/p>\n<p>&#8211; Ej\u00e9rcito controla nuevas \u00e1reas en las inmediaciones de los montes de Safa, \u00faltimo basti\u00f3n de los terroristas del Daesh en el este de Sweida.<\/p>\n<p>&#8211; Autoridades del r\u00e9gimen turco arresta a 50 madres durante una protesta en Estambul.<\/p>\n<p>&#8211; P\u00e9rdidas de la econom\u00eda cubana a consecuencia del bloqueo de Estados Unidos superan los 3.400 millones de d\u00f3lares en un a\u00f1o.<\/p>\n<p>&#8211; Dos fragatas modernas se unen a la flota rusa frente a la costa siria.<\/p>\n<p>&#8211; El valor de los da\u00f1os a consecuencia del terrorismo en Quneitra supera los dos mil millones de libras sirias.<\/p>\n<p>&#8211; 20 plantas de bombeo de agua potable vuelven a funcionar en la provincia de Quneitra.<\/p>\n<p>&#8211; Abogado de Trump admite recibir comisiones de una empresa de Qatar.<\/p>\n<p>&#8211; Fuerzas iraqu\u00edes aniquilan a 10 terroristas del Daesh en Ninawa.<\/p>\n<p>&#8211; Ej\u00e9rcito yemen\u00ed elimina a decenas de mercenarios sauditas en Al-Jawf.<\/p>\n<p>&#8211; Ej\u00e9rcito elimina a terroristas del Daesh, entre ellos francotiradores, en el este de Sweida.<\/p>\n<p>&#8211; Mosc\u00fa advierte a Washington y sus aliados de cualquier paso imprudente en Siria.<\/p>\n<p>&#8211; Defensa rusa asegura que grupos terroristas se preparan para usar armas qu\u00edmicas contra los civiles en Idlib, para justificar una nueva agresi\u00f3n contra Siria.<\/p>\n<p>&#8211; Washington cancela 200 millones de d\u00f3lares destinada para ayudar a los palestinos, y la OLP califica eso de chantaje pol\u00edtico.<\/p>\n<p>&#8211; Teher\u00e1n dice que aquellos que apoyan con armas a los agresores de Yemen deben asumir la responsabilidad de sus cr\u00edmenes.<\/p>\n<p>&#8211; Naciones Unidas confirma el asesinato de al menos 26 ni\u00f1os y cuatro mujeres en Yemen, en una nueva masacre de la coalici\u00f3n en Yemen.<\/p>\n<p>&#8211; 200 palestinos resultan heridos en la represi\u00f3n de las fuerzas de ocupaci\u00f3n israel\u00edes a las marchas pac\u00edficas en Gaza y Cisjordania.<\/p>\n<p>&#8211; Fuerzas egipcias frustran ataque del Daesh en Arish, y eliminan a cuatro terroristas.<\/p>\n<p>&#8211; Embajador de Ir\u00e1n en Londres lamenta la suspensi\u00f3n de vuelos de British Airways a Ir\u00e1n.<\/p>\n<p>&#8211; Rohani afirma que el pueblo iran\u00ed triunfar\u00e1 y frustrar\u00e1 las conspiraciones.<\/p>\n<p>&#8211; Cuatro yemen\u00edes mueren en bombardeo saudita con misiles.<\/p>\n<p>&#8211; Rusia amenaza con responder a la creaci\u00f3n de la segunda flota naval de Estados Unidos.<\/p>\n<p>&#8211; Una corte alemana condena a dos alemanes por apoyar al Daesh.<\/p>\n<p>&#8211; UNICEF llama a la coalici\u00f3n saudita a detener la guerra contra los ni\u00f1os de Yemen.<\/p>\n<p>&#8211; Naciones Unidas llama a realizar una investigaci\u00f3n independiente en las masacres cometidas contra los yemen\u00edes.<\/p>\n<p>&#8211; El atleta sirio Majed Eddin Ghazal se clasifica para el final de la competici\u00f3n de salto alto en los Juegos Asi\u00e1ticos.<\/p>\n<p>&#8211; Muere un civil y tres polic\u00edas resultan lesionados en dos ataques terroristas en Irak.<\/p>\n<p>&#8211; Parlamentario egipcio asegura que el pueblo sirio es el que decide su futuro propio y nadie tiene derecho a decidir por \u00e9l eso.<\/p>\n<p><span style=\"color: #0000ff;\">F.Marouf\/ Dr. A. Shaban<\/span><\/p>\n","protected":false},"excerpt":{"rendered":"<p>Damasco, SANA Los principales diarios nacionales sirios destacaron los siguientes titulares: &#8211; Consejo de Ministros aprueba un paquete de medidas para prepararse al curso escolar 2018-2019. &#8211; 376 instalaciones industriales entran en producci\u00f3n en el primer semestre del 2018. &#8211; Embajador sirio en Mosc\u00fa representa al presidente Al-Assad y asiste a las celebraciones por el &hellip;<\/p>\n","protected":false},"author":1,"featured_media":87990,"comment_status":"closed","ping_status":"closed","sticky":false,"template":"","format":"standard","meta":{"footnotes":""},"categories":[447,555,597,476,7541],"tags":[12474],"class_list":["post-87989","post","type-post","status-publish","format-standard","has-post-thumbnail","","category-local-politica","category-prensa","category-cinta-de-noticias","category-locales","category-ultimas-noticias","tag-titulares-de-la-prensa-nacional-publicada-este-domingo-26-de-agosto"],"_links":{"self":[{"href":"https:\/\/archive.sana.sy\/es\/index.php?rest_route=\/wp\/v2\/posts\/87989"}],"collection":[{"href":"https:\/\/archive.sana.sy\/es\/index.php?rest_route=\/wp\/v2\/posts"}],"about":[{"href":"https:\/\/archive.sana.sy\/es\/index.php?rest_route=\/wp\/v2\/types\/post"}],"author":[{"embeddable":true,"href":"https:\/\/archive.sana.sy\/es\/index.php?rest_route=\/wp\/v2\/users\/1"}],"replies":[{"embeddable":true,"href":"https:\/\/archive.sana.sy\/es\/index.php?rest_route=%2Fwp%2Fv2%2Fcomments&post=87989"}],"version-history":[{"count":0,"href":"https:\/\/archive.sana.sy\/es\/index.php?rest_route=\/wp\/v2\/posts\/87989\/revisions"}],"wp:featuredmedia":[{"embeddable":true,"href":"https:\/\/archive.sana.sy\/es\/index.php?rest_route=\/wp\/v2\/media\/87990"}],"wp:attachment":[{"href":"https:\/\/archive.sana.sy\/es\/index.php?rest_route=%2Fwp%2Fv2%2Fmedia&parent=87989"}],"wp:term":[{"taxonomy":"category","embeddable":true,"href":"https:\/\/archive.sana.sy\/es\/index.php?rest_route=%2Fwp%2Fv2%2Fcategories&post=87989"},{"taxonomy":"post_tag","embeddable":true,"href":"https:\/\/archive.sana.sy\/es\/index.php?rest_route=%2Fwp%2Fv2%2Ftags&post=87989"}],"curies":[{"name":"wp","href":"https:\/\/api.w.org\/{rel}","templated":true}]}}