{"id":87994,"date":"2018-08-26T12:14:30","date_gmt":"2018-08-26T09:14:30","guid":{"rendered":"https:\/\/www.sana.sy\/es\/?p=87994"},"modified":"2018-08-26T12:14:30","modified_gmt":"2018-08-26T09:14:30","slug":"las-temperaturas-tienden-a-bajar-y-el-tiempo-despejado-o-parcialmente-nublado","status":"publish","type":"post","link":"https:\/\/archive.sana.sy\/es\/?p=87994","title":{"rendered":"Las temperaturas tienden a bajar y el tiempo despejado o parcialmente nublado"},"content":{"rendered":"<p><span style=\"color: #800000;\">Damasco, SANA<\/span><\/p>\n<p>Las temperaturas tienden a bajar para aproximarse a sus promedios o un poco menos debido a la influencia de una depresi\u00f3n atmosf\u00e9rica superficial procedente del sudeste y va acompa\u00f1ada por corrientes de viento occidentales en las altas capas de la atm\u00f3sfera.<\/p>\n<p>El Directorio de Meteorolog\u00eda en su parte matinal pronostica un tiempo despejado o parcialmente nublado existi\u00e9ndose la posibilidad de chubascos sobre las alturas costeras, mientras que en las zonas orientales, el \u00c9ufrates y el Semidesierto (Badiya) el tiempo ser\u00e1 polvoriento.<\/p>\n<p><span style=\"color: #0000ff;\">Riad Sh.\/ Dr. A. Shaban<\/span><\/p>\n","protected":false},"excerpt":{"rendered":"<p>Damasco, SANA Las temperaturas tienden a bajar para aproximarse a sus promedios o un poco menos debido a la influencia de una depresi\u00f3n atmosf\u00e9rica superficial procedente del sudeste y va acompa\u00f1ada por corrientes de viento occidentales en las altas capas de la atm\u00f3sfera. El Directorio de Meteorolog\u00eda en su parte matinal pronostica un tiempo despejado &hellip;<\/p>\n","protected":false},"author":1,"featured_media":87995,"comment_status":"closed","ping_status":"closed","sticky":false,"template":"","format":"standard","meta":{"footnotes":""},"categories":[476,7541],"tags":[12475],"class_list":["post-87994","post","type-post","status-publish","format-standard","has-post-thumbnail","","category-locales","category-ultimas-noticias","tag-las-temperaturas-tienden-a-bajar-y-el-tiempo-despejado-o-parcialmente-nublado"],"_links":{"self":[{"href":"https:\/\/archive.sana.sy\/es\/index.php?rest_route=\/wp\/v2\/posts\/87994"}],"collection":[{"href":"https:\/\/archive.sana.sy\/es\/index.php?rest_route=\/wp\/v2\/posts"}],"about":[{"href":"https:\/\/archive.sana.sy\/es\/index.php?rest_route=\/wp\/v2\/types\/post"}],"author":[{"embeddable":true,"href":"https:\/\/archive.sana.sy\/es\/index.php?rest_route=\/wp\/v2\/users\/1"}],"replies":[{"embeddable":true,"href":"https:\/\/archive.sana.sy\/es\/index.php?rest_route=%2Fwp%2Fv2%2Fcomments&post=87994"}],"version-history":[{"count":0,"href":"https:\/\/archive.sana.sy\/es\/index.php?rest_route=\/wp\/v2\/posts\/87994\/revisions"}],"wp:featuredmedia":[{"embeddable":true,"href":"https:\/\/archive.sana.sy\/es\/index.php?rest_route=\/wp\/v2\/media\/87995"}],"wp:attachment":[{"href":"https:\/\/archive.sana.sy\/es\/index.php?rest_route=%2Fwp%2Fv2%2Fmedia&parent=87994"}],"wp:term":[{"taxonomy":"category","embeddable":true,"href":"https:\/\/archive.sana.sy\/es\/index.php?rest_route=%2Fwp%2Fv2%2Fcategories&post=87994"},{"taxonomy":"post_tag","embeddable":true,"href":"https:\/\/archive.sana.sy\/es\/index.php?rest_route=%2Fwp%2Fv2%2Ftags&post=87994"}],"curies":[{"name":"wp","href":"https:\/\/api.w.org\/{rel}","templated":true}]}}