{"id":88009,"date":"2018-08-26T12:42:03","date_gmt":"2018-08-26T09:42:03","guid":{"rendered":"https:\/\/www.sana.sy\/es\/?p=88009"},"modified":"2018-08-26T12:42:03","modified_gmt":"2018-08-26T09:42:03","slug":"anunciada-la-lista-de-los-aguilas-de-qasiun-que-participara-en-los-proximos-partidos-amistosos-internacionales","status":"publish","type":"post","link":"https:\/\/archive.sana.sy\/es\/?p=88009","title":{"rendered":"Anunciada la lista de los \u00c1guilas de Qasiun que participar\u00e1 en los pr\u00f3ximos partidos amistosos internacionales"},"content":{"rendered":"<p><span style=\"color: #800000;\">Damasco, SANA<\/span><\/p>\n<p>El director t\u00e9cnico de la Selecci\u00f3n siria masculina de f\u00fatbol, el alem\u00e1n Bernd Stang ha anunciado la lista de los principales jugadores que librar\u00e1n los dos partidos internacionales amistosos frente a Uzbekist\u00e1n en d\u00eda 6 de septiembre pr\u00f3ximo y frente a Kirguizist\u00e1n el d\u00eda 10 del mismo.<\/p>\n<p>Es de se\u00f1alar que la selecci\u00f3n siria masculina participar\u00e1 en los finales asi\u00e1ticos que se llevar\u00e1 a cabo en Emiratos \u00c1rabes Unidos en d\u00eda 6 de enero pr\u00f3ximo en marco del segundo grupo al lado de las<br \/>\nselecciones de Palestina, Jordania y Australia.<\/p>\n<p><span style=\"color: #0000ff;\">Riad Sh.\/ Dr. A. Shaban<\/span><\/p>\n","protected":false},"excerpt":{"rendered":"<p>Damasco, SANA El director t\u00e9cnico de la Selecci\u00f3n siria masculina de f\u00fatbol, el alem\u00e1n Bernd Stang ha anunciado la lista de los principales jugadores que librar\u00e1n los dos partidos internacionales amistosos frente a Uzbekist\u00e1n en d\u00eda 6 de septiembre pr\u00f3ximo y frente a Kirguizist\u00e1n el d\u00eda 10 del mismo. Es de se\u00f1alar que la selecci\u00f3n &hellip;<\/p>\n","protected":false},"author":1,"featured_media":88010,"comment_status":"closed","ping_status":"closed","sticky":false,"template":"","format":"standard","meta":{"footnotes":""},"categories":[597,494,476,7541],"tags":[12479],"class_list":["post-88009","post","type-post","status-publish","format-standard","has-post-thumbnail","","category-cinta-de-noticias","category-deportes","category-locales","category-ultimas-noticias","tag-anunciada-la-lista-de-los-aguilas-de-qasiun-que-participara-en-los-proximos-partidos-amistosos-internacionales"],"_links":{"self":[{"href":"https:\/\/archive.sana.sy\/es\/index.php?rest_route=\/wp\/v2\/posts\/88009"}],"collection":[{"href":"https:\/\/archive.sana.sy\/es\/index.php?rest_route=\/wp\/v2\/posts"}],"about":[{"href":"https:\/\/archive.sana.sy\/es\/index.php?rest_route=\/wp\/v2\/types\/post"}],"author":[{"embeddable":true,"href":"https:\/\/archive.sana.sy\/es\/index.php?rest_route=\/wp\/v2\/users\/1"}],"replies":[{"embeddable":true,"href":"https:\/\/archive.sana.sy\/es\/index.php?rest_route=%2Fwp%2Fv2%2Fcomments&post=88009"}],"version-history":[{"count":0,"href":"https:\/\/archive.sana.sy\/es\/index.php?rest_route=\/wp\/v2\/posts\/88009\/revisions"}],"wp:featuredmedia":[{"embeddable":true,"href":"https:\/\/archive.sana.sy\/es\/index.php?rest_route=\/wp\/v2\/media\/88010"}],"wp:attachment":[{"href":"https:\/\/archive.sana.sy\/es\/index.php?rest_route=%2Fwp%2Fv2%2Fmedia&parent=88009"}],"wp:term":[{"taxonomy":"category","embeddable":true,"href":"https:\/\/archive.sana.sy\/es\/index.php?rest_route=%2Fwp%2Fv2%2Fcategories&post=88009"},{"taxonomy":"post_tag","embeddable":true,"href":"https:\/\/archive.sana.sy\/es\/index.php?rest_route=%2Fwp%2Fv2%2Ftags&post=88009"}],"curies":[{"name":"wp","href":"https:\/\/api.w.org\/{rel}","templated":true}]}}