{"id":88057,"date":"2018-08-26T17:55:24","date_gmt":"2018-08-26T14:55:24","guid":{"rendered":"https:\/\/www.sana.sy\/es\/?p=88057"},"modified":"2019-09-10T11:57:56","modified_gmt":"2019-09-10T08:57:56","slug":"el-presidente-al-assad-subraya-la-importancia-de-los-planes-de-cooperacion-que-fortalecen-la-resistencia-de-los-pueblos-sirio-e-irani","status":"publish","type":"post","link":"https:\/\/archive.sana.sy\/es\/?p=88057","title":{"rendered":"El presidente al Assad subraya la importancia de los planes de cooperaci\u00f3n que fortalecen la resistencia de los pueblos sirio e iran\u00ed"},"content":{"rendered":"<p>&nbsp;<\/p>\n<p><span style=\"color: #800000;\">Damasco \u2013SANA<\/span><\/p>\n<p>El presidente Bashar al Assad recibi\u00f3 al ministro de Defesa iran\u00ed, el general Amir Hatemi, que est\u00e1 de visita en Siria presidiendo una delegaci\u00f3n militar.<\/p>\n<p>Durante el encuentro abordaron las victorias logradas por el Ej\u00e9rcito sirio en la guerra contra el terrorismo, donde el ministro Hatemi remarc\u00f3 que ya se anotar\u00e1 en la historia de Siria y la regi\u00f3n la resistencia del pueblo sirio y su liderazgo, adem\u00e1s de su victoria contra el terrorismo, que ser\u00e1 un ejemplo a seguir por todo el mundo.<\/p>\n<p><a href=\"https:\/\/www.sana.sy\/es\/wp-content\/uploads\/2018\/08\/2000-7.jpg\"><img loading=\"lazy\" decoding=\"async\" class=\"alignright wp-image-88060 size-medium\" src=\"https:\/\/www.sana.sy\/es\/wp-content\/uploads\/2018\/08\/2000-7-300x133.jpg\" alt=\"\" width=\"300\" height=\"133\" srcset=\"https:\/\/archive.sana.sy\/es\/wp-content\/uploads\/2018\/08\/2000-7-300x133.jpg 300w, https:\/\/archive.sana.sy\/es\/wp-content\/uploads\/2018\/08\/2000-7-150x67.jpg 150w, https:\/\/archive.sana.sy\/es\/wp-content\/uploads\/2018\/08\/2000-7-768x341.jpg 768w, https:\/\/archive.sana.sy\/es\/wp-content\/uploads\/2018\/08\/2000-7-1024x454.jpg 1024w\" sizes=\"(max-width: 300px) 100vw, 300px\" \/><\/a><\/p>\n<p>El ministro Hatemi reiter\u00f3 el apoyo de su pa\u00eds a salvaguardar la unidad y la independencia de Siria, lejos de cualquier intervenci\u00f3n extranjera, y se\u00f1al\u00f3 que Ir\u00e1n continuar\u00e1 trabajando conforme a estos principios, a pesar de las amenazas y presiones de algunos pa\u00edses patrocinadores del terrorismo.<\/p>\n<p>Por su parte, el presidente al Assad afirm\u00f3 la importancia de esta visita que refleja la profundidad de las relaciones entre los dos pa\u00edses, y la importancia de desarrollar la coordinaci\u00f3n conjunta y elaborar planes de cooperaci\u00f3n de largo plazo que fortalecen la resistencia de los dos pueblos, sirio e iran\u00ed.<\/p>\n<p>El presidente al Assad subray\u00f3 que la pol\u00edtica de EEUUU y sus colaboradores en la regi\u00f3n, en particular respecto al expediente nuclear iran\u00ed, las sanciones contra Rusia, el intento de alargar la guerra en Siria, y la pol\u00edtica de amenazas que se incrementan con cada operaci\u00f3n del Ej\u00e9rcito sirio contra el terrorismo, confirman la exactitud de las pol\u00edticas adoptadas por el Eje de la Lucha contra el Terrorismo y la importancia de fortalecerlo contra la pol\u00edtica saboteadora de EEUU que busca socavar la estabilidad mundial.<\/p>\n<p>Estuvieron presentes en la reuni\u00f3n, por la parte siria, el ministro de Defensa el general Ali Abdullah Ayub, y el embajador sirio en Teher\u00e1n, y por la parte iran\u00ed, el embajador iran\u00ed en Damasco.<\/p>\n<p><a href=\"https:\/\/www.sana.sy\/es\/wp-content\/uploads\/2018\/08\/25-34.jpg\"><img loading=\"lazy\" decoding=\"async\" class=\"alignright wp-image-88085 size-medium\" src=\"https:\/\/www.sana.sy\/es\/wp-content\/uploads\/2018\/08\/25-34-300x200.jpg\" alt=\"\" width=\"300\" height=\"200\" srcset=\"https:\/\/archive.sana.sy\/es\/wp-content\/uploads\/2018\/08\/25-34-300x200.jpg 300w, https:\/\/archive.sana.sy\/es\/wp-content\/uploads\/2018\/08\/25-34-150x100.jpg 150w, https:\/\/archive.sana.sy\/es\/wp-content\/uploads\/2018\/08\/25-34-768x512.jpg 768w, https:\/\/archive.sana.sy\/es\/wp-content\/uploads\/2018\/08\/25-34-1024x683.jpg 1024w, https:\/\/archive.sana.sy\/es\/wp-content\/uploads\/2018\/08\/25-34.jpg 1280w\" sizes=\"(max-width: 300px) 100vw, 300px\" \/><\/a><\/p>\n<p>Anteriormente, el ministro Ayub y su hom\u00f3logo iran\u00ed mantuvieron\u00a0una reuni\u00f3n para tratar la \u00faltima actualidad en la regi\u00f3n en general, y en Siria en especial, y firmaron un acuerdo de cooperaci\u00f3n conjunta entre el ej\u00e9rcito de los dos pa\u00edses.<\/p>\n<p>En una rueda de prensa conjunta, el general Ayub subray\u00f3 que las relaciones sirio-iran\u00edes ya son m\u00e1s s\u00f3lidas y profundas, y el eje de la lucha contra el terrorismo va ganando fuerza y eficacia.<\/p>\n<p>&nbsp;<\/p>\n<p><span style=\"color: #0000ff;\">Akram. S<\/span><\/p>\n<p>&nbsp;<\/p>\n","protected":false},"excerpt":{"rendered":"<p>&nbsp; Damasco \u2013SANA El presidente Bashar al Assad recibi\u00f3 al ministro de Defesa iran\u00ed, el general Amir Hatemi, que est\u00e1 de visita en Siria presidiendo una delegaci\u00f3n militar. Durante el encuentro abordaron las victorias logradas por el Ej\u00e9rcito sirio en la guerra contra el terrorismo, donde el ministro Hatemi remarc\u00f3 que ya se anotar\u00e1 en &hellip;<\/p>\n","protected":false},"author":1,"featured_media":88058,"comment_status":"closed","ping_status":"closed","sticky":false,"template":"","format":"standard","meta":{"footnotes":""},"categories":[597,476,16237,583,626],"tags":[],"class_list":["post-88057","post","type-post","status-publish","format-standard","has-post-thumbnail","","category-cinta-de-noticias","category-locales","category-presidence-de-la-republique-arabe-syria","category-slide","category-sr-presidente"],"_links":{"self":[{"href":"https:\/\/archive.sana.sy\/es\/index.php?rest_route=\/wp\/v2\/posts\/88057"}],"collection":[{"href":"https:\/\/archive.sana.sy\/es\/index.php?rest_route=\/wp\/v2\/posts"}],"about":[{"href":"https:\/\/archive.sana.sy\/es\/index.php?rest_route=\/wp\/v2\/types\/post"}],"author":[{"embeddable":true,"href":"https:\/\/archive.sana.sy\/es\/index.php?rest_route=\/wp\/v2\/users\/1"}],"replies":[{"embeddable":true,"href":"https:\/\/archive.sana.sy\/es\/index.php?rest_route=%2Fwp%2Fv2%2Fcomments&post=88057"}],"version-history":[{"count":0,"href":"https:\/\/archive.sana.sy\/es\/index.php?rest_route=\/wp\/v2\/posts\/88057\/revisions"}],"wp:featuredmedia":[{"embeddable":true,"href":"https:\/\/archive.sana.sy\/es\/index.php?rest_route=\/wp\/v2\/media\/88058"}],"wp:attachment":[{"href":"https:\/\/archive.sana.sy\/es\/index.php?rest_route=%2Fwp%2Fv2%2Fmedia&parent=88057"}],"wp:term":[{"taxonomy":"category","embeddable":true,"href":"https:\/\/archive.sana.sy\/es\/index.php?rest_route=%2Fwp%2Fv2%2Fcategories&post=88057"},{"taxonomy":"post_tag","embeddable":true,"href":"https:\/\/archive.sana.sy\/es\/index.php?rest_route=%2Fwp%2Fv2%2Ftags&post=88057"}],"curies":[{"name":"wp","href":"https:\/\/api.w.org\/{rel}","templated":true}]}}