{"id":88062,"date":"2018-08-26T18:27:37","date_gmt":"2018-08-26T15:27:37","guid":{"rendered":"https:\/\/www.sana.sy\/es\/?p=88062"},"modified":"2023-01-10T15:16:25","modified_gmt":"2023-01-10T13:16:25","slug":"el-consejo-de-ministros-forma-un-equipo-de-trabajo-para-elaborar-una-estrategia-de-desarrollo-en-la-provincial-de-quneitra","status":"publish","type":"post","link":"https:\/\/archive.sana.sy\/es\/?p=88062","title":{"rendered":"El consejo de ministros forma un equipo de trabajo para elaborar una estrategia de desarrollo en la provincia de Quneitra"},"content":{"rendered":"<p>&nbsp;<\/p>\n<p><span style=\"color: #800000;\">Damasco-SANA<\/span><\/p>\n<p>El consejo de ministros form\u00f3 un equipo de trabajo ejecutivo de los ministerios de Obras P\u00fablicas, de Viviendas, de Administraci\u00f3n Local, de Agricultura y Reforma Agraria, cuya misi\u00f3n ser\u00eda elaborar una estrategia para un desarrollo de recursos agr\u00edcolas, artesanales, y humanos en la provincia de Quneitra.<\/p>\n<p>Durante la sesi\u00f3n del consejo de ministros presidida por el primer ministro, Imad Khamis, el consejo aprob\u00f3 la designaci\u00f3n de viviendas en plantas bajas de los proyectos de la Residencia Juvenil y Residencia Obrera para los heridos del Ej\u00e9rcito suscriptores en estos dos proyectos.<\/p>\n<p>El consejo hizo una evaluaci\u00f3n de las medidas especiales de facilitar el retorno de los desplazados sirios en el extranjero a sus hogares, y se afirm\u00f3 una vez m\u00e1s que el estado contin\u00faa garantizando los servicios b\u00e1sicos a todas las zonas liberadas del terrorismo y facilitar el retorno de los desplazados s sus hogares.<\/p>\n<p>En el mismo contexto el consejo de ministros exigi\u00f3 elaborar bases claras e \u00edndices verdaderos de las pr\u00f3ximas elecciones de las Uniones y C\u00e1maras de Comercio, Industria, Agricultura, Turismo, y Exportadores.<\/p>\n<p><span style=\"color: #0000ff;\">Akram. S<\/span><\/p>\n","protected":false},"excerpt":{"rendered":"<p>&nbsp; Damasco-SANA El consejo de ministros form\u00f3 un equipo de trabajo ejecutivo de los ministerios de Obras P\u00fablicas, de Viviendas, de Administraci\u00f3n Local, de Agricultura y Reforma Agraria, cuya misi\u00f3n ser\u00eda elaborar una estrategia para un desarrollo de recursos agr\u00edcolas, artesanales, y humanos en la provincia de Quneitra. Durante la sesi\u00f3n del consejo de ministros &hellip;<\/p>\n","protected":false},"author":1,"featured_media":88063,"comment_status":"closed","ping_status":"closed","sticky":false,"template":"","format":"standard","meta":{"footnotes":""},"categories":[597,485,476,7541],"tags":[],"class_list":["post-88062","post","type-post","status-publish","format-standard","has-post-thumbnail","","category-cinta-de-noticias","category-informes-negocios-y-finanzas","category-locales","category-ultimas-noticias"],"_links":{"self":[{"href":"https:\/\/archive.sana.sy\/es\/index.php?rest_route=\/wp\/v2\/posts\/88062"}],"collection":[{"href":"https:\/\/archive.sana.sy\/es\/index.php?rest_route=\/wp\/v2\/posts"}],"about":[{"href":"https:\/\/archive.sana.sy\/es\/index.php?rest_route=\/wp\/v2\/types\/post"}],"author":[{"embeddable":true,"href":"https:\/\/archive.sana.sy\/es\/index.php?rest_route=\/wp\/v2\/users\/1"}],"replies":[{"embeddable":true,"href":"https:\/\/archive.sana.sy\/es\/index.php?rest_route=%2Fwp%2Fv2%2Fcomments&post=88062"}],"version-history":[{"count":0,"href":"https:\/\/archive.sana.sy\/es\/index.php?rest_route=\/wp\/v2\/posts\/88062\/revisions"}],"wp:featuredmedia":[{"embeddable":true,"href":"https:\/\/archive.sana.sy\/es\/index.php?rest_route=\/wp\/v2\/media\/88063"}],"wp:attachment":[{"href":"https:\/\/archive.sana.sy\/es\/index.php?rest_route=%2Fwp%2Fv2%2Fmedia&parent=88062"}],"wp:term":[{"taxonomy":"category","embeddable":true,"href":"https:\/\/archive.sana.sy\/es\/index.php?rest_route=%2Fwp%2Fv2%2Fcategories&post=88062"},{"taxonomy":"post_tag","embeddable":true,"href":"https:\/\/archive.sana.sy\/es\/index.php?rest_route=%2Fwp%2Fv2%2Ftags&post=88062"}],"curies":[{"name":"wp","href":"https:\/\/api.w.org\/{rel}","templated":true}]}}