{"id":88065,"date":"2018-08-26T18:59:12","date_gmt":"2018-08-26T15:59:12","guid":{"rendered":"https:\/\/www.sana.sy\/es\/?p=88065"},"modified":"2018-08-26T18:59:12","modified_gmt":"2018-08-26T15:59:12","slug":"nasrullah-si-no-fuera-por-las-victorias-del-ejercito-sirio-contra-el-terrorismo-no-se-habria-conseguido-la-segunda-liberacion-en-el-libano","status":"publish","type":"post","link":"https:\/\/archive.sana.sy\/es\/?p=88065","title":{"rendered":"Nasrullah: si no fuera por las victorias del Ej\u00e9rcito sirio contra el terrorismo no se habr\u00eda conseguido la segunda liberaci\u00f3n en el L\u00edbano"},"content":{"rendered":"<p><span style=\"color: #800000;\">Beirut-SANA <\/span><\/p>\n<p>El secretario general de Hizbol\u00e1, Hassan Nasrull\u00e1, afirm\u00f3 que la segunda liberaci\u00f3n en el L\u00edbano no se habr\u00eda conseguido si no fuera por las victorias del Ej\u00e9rcito sirio contra el terrorismo.<\/p>\n<p>Durante la celebraci\u00f3n del D\u00eda de \u201cla Segunda Liberaci\u00f3n\u201d, Nasrull\u00e1 se\u00f1al\u00f3 que el ambiente de resistencia, la juventud, y el \u00e1nimo combativo demostr\u00f3 un entusiasmo y un impulso en enfrentarse a las organizaciones terroristas.<\/p>\n<p>Nasrull\u00e1 aclar\u00f3 que quien derrot\u00f3 a la organizaci\u00f3n terrorista de Daesh en Siria es quien luch\u00f3 contra ella y no son los estadounidenses, y a\u00f1adi\u00f3 que cada vez que Daesh asediaba una zona en Siria, los helic\u00f3pteros estadounidenses acud\u00edan a rescatar a sus terroristas.<\/p>\n<p>\u201cNo hay en este mundo un aliado de EEEUU, ya que EEUU los trata como herramientas, y lo que pas\u00f3 en el sur de Siria es una lecci\u00f3n de la renuncia de EEUU a sus herramientas, ya que solo mira por sus intereses, por la hegemon\u00eda, el petr\u00f3leo y el gas y otros intereses\u201d.<\/p>\n<p>Nasrull\u00e1 afirm\u00f3 que todos los indicios hablan de que se prepara un nuevo montaje sobre un ataque qu\u00edmico en Siria para desencadenar ataques contra ella, con el fin de impedirla de completar la liberaci\u00f3n de su territorio.<\/p>\n<p>&nbsp;<\/p>\n<p><span style=\"color: #0000ff;\">Akram. S<\/span><\/p>\n","protected":false},"excerpt":{"rendered":"<p>Beirut-SANA El secretario general de Hizbol\u00e1, Hassan Nasrull\u00e1, afirm\u00f3 que la segunda liberaci\u00f3n en el L\u00edbano no se habr\u00eda conseguido si no fuera por las victorias del Ej\u00e9rcito sirio contra el terrorismo. Durante la celebraci\u00f3n del D\u00eda de \u201cla Segunda Liberaci\u00f3n\u201d, Nasrull\u00e1 se\u00f1al\u00f3 que el ambiente de resistencia, la juventud, y el \u00e1nimo combativo demostr\u00f3 &hellip;<\/p>\n","protected":false},"author":1,"featured_media":88066,"comment_status":"closed","ping_status":"closed","sticky":false,"template":"","format":"standard","meta":{"footnotes":""},"categories":[597,476,467,7541],"tags":[],"class_list":["post-88065","post","type-post","status-publish","format-standard","has-post-thumbnail","","category-cinta-de-noticias","category-locales","category-siria-y-el-mundo","category-ultimas-noticias"],"_links":{"self":[{"href":"https:\/\/archive.sana.sy\/es\/index.php?rest_route=\/wp\/v2\/posts\/88065"}],"collection":[{"href":"https:\/\/archive.sana.sy\/es\/index.php?rest_route=\/wp\/v2\/posts"}],"about":[{"href":"https:\/\/archive.sana.sy\/es\/index.php?rest_route=\/wp\/v2\/types\/post"}],"author":[{"embeddable":true,"href":"https:\/\/archive.sana.sy\/es\/index.php?rest_route=\/wp\/v2\/users\/1"}],"replies":[{"embeddable":true,"href":"https:\/\/archive.sana.sy\/es\/index.php?rest_route=%2Fwp%2Fv2%2Fcomments&post=88065"}],"version-history":[{"count":0,"href":"https:\/\/archive.sana.sy\/es\/index.php?rest_route=\/wp\/v2\/posts\/88065\/revisions"}],"wp:featuredmedia":[{"embeddable":true,"href":"https:\/\/archive.sana.sy\/es\/index.php?rest_route=\/wp\/v2\/media\/88066"}],"wp:attachment":[{"href":"https:\/\/archive.sana.sy\/es\/index.php?rest_route=%2Fwp%2Fv2%2Fmedia&parent=88065"}],"wp:term":[{"taxonomy":"category","embeddable":true,"href":"https:\/\/archive.sana.sy\/es\/index.php?rest_route=%2Fwp%2Fv2%2Fcategories&post=88065"},{"taxonomy":"post_tag","embeddable":true,"href":"https:\/\/archive.sana.sy\/es\/index.php?rest_route=%2Fwp%2Fv2%2Ftags&post=88065"}],"curies":[{"name":"wp","href":"https:\/\/api.w.org\/{rel}","templated":true}]}}