{"id":88089,"date":"2018-08-27T12:29:26","date_gmt":"2018-08-27T09:29:26","guid":{"rendered":"https:\/\/www.sana.sy\/es\/?p=88089"},"modified":"2018-08-27T12:29:26","modified_gmt":"2018-08-27T09:29:26","slug":"ejercito-aprieta-cerco-a-terroristas-del-daesh-en-el-este-de-sweida","status":"publish","type":"post","link":"https:\/\/archive.sana.sy\/es\/?p=88089","title":{"rendered":"Ej\u00e9rcito aprieta cerco a terroristas del Daesh en el este de Sweida"},"content":{"rendered":"<p><span style=\"color: #800000;\">Sweida, SANA<\/span><\/p>\n<p>Escuadras del ej\u00e9rcito destruyeron una sede y un veh\u00edculo equipado con una ametralladora pesada de los terroristas del &#8220;Daesh&#8221;, en la zona de Kherbet Hawi, en los montes Safa, en el campo este de Sweida.<\/p>\n<p>Una fuente militar inform\u00f3 que los uniformados sirios junto a tropas aliadas y milicias populares, estrecharon a\u00fan m\u00e1s el cerco sobre los terroristas del &#8220;Daesh&#8221; y abrieron el fuego contra los terroristas que intentan huir, infligiendo bajas en sus filas.<\/p>\n<p>En la jordana anterior, el ej\u00e9rcito control\u00f3 nuevas a\u00e9reas en las zonas de Sheikh Hussein y Um Marzeh, donde elimin\u00f3 a los terroristas del Daesh en esas dos zonas.<\/p>\n<p><span style=\"color: #0000ff;\">F. Marouf\/ Dr. A. Shaban<\/span><\/p>\n","protected":false},"excerpt":{"rendered":"<p>Sweida, SANA Escuadras del ej\u00e9rcito destruyeron una sede y un veh\u00edculo equipado con una ametralladora pesada de los terroristas del &#8220;Daesh&#8221;, en la zona de Kherbet Hawi, en los montes Safa, en el campo este de Sweida. Una fuente militar inform\u00f3 que los uniformados sirios junto a tropas aliadas y milicias populares, estrecharon a\u00fan m\u00e1s &hellip;<\/p>\n","protected":false},"author":1,"featured_media":88090,"comment_status":"closed","ping_status":"closed","sticky":false,"template":"","format":"standard","meta":{"footnotes":""},"categories":[597,573,476,583],"tags":[12487],"class_list":["post-88089","post","type-post","status-publish","format-standard","has-post-thumbnail","","category-cinta-de-noticias","category-la-realidad-de-los-acontecimientos-en-siria","category-locales","category-slide","tag-ejercito-aprieta-cerco-a-terroristas-del-daesh-en-el-este-de-sweida"],"_links":{"self":[{"href":"https:\/\/archive.sana.sy\/es\/index.php?rest_route=\/wp\/v2\/posts\/88089"}],"collection":[{"href":"https:\/\/archive.sana.sy\/es\/index.php?rest_route=\/wp\/v2\/posts"}],"about":[{"href":"https:\/\/archive.sana.sy\/es\/index.php?rest_route=\/wp\/v2\/types\/post"}],"author":[{"embeddable":true,"href":"https:\/\/archive.sana.sy\/es\/index.php?rest_route=\/wp\/v2\/users\/1"}],"replies":[{"embeddable":true,"href":"https:\/\/archive.sana.sy\/es\/index.php?rest_route=%2Fwp%2Fv2%2Fcomments&post=88089"}],"version-history":[{"count":0,"href":"https:\/\/archive.sana.sy\/es\/index.php?rest_route=\/wp\/v2\/posts\/88089\/revisions"}],"wp:featuredmedia":[{"embeddable":true,"href":"https:\/\/archive.sana.sy\/es\/index.php?rest_route=\/wp\/v2\/media\/88090"}],"wp:attachment":[{"href":"https:\/\/archive.sana.sy\/es\/index.php?rest_route=%2Fwp%2Fv2%2Fmedia&parent=88089"}],"wp:term":[{"taxonomy":"category","embeddable":true,"href":"https:\/\/archive.sana.sy\/es\/index.php?rest_route=%2Fwp%2Fv2%2Fcategories&post=88089"},{"taxonomy":"post_tag","embeddable":true,"href":"https:\/\/archive.sana.sy\/es\/index.php?rest_route=%2Fwp%2Fv2%2Ftags&post=88089"}],"curies":[{"name":"wp","href":"https:\/\/api.w.org\/{rel}","templated":true}]}}