{"id":88117,"date":"2018-08-28T12:55:23","date_gmt":"2018-08-28T09:55:23","guid":{"rendered":"https:\/\/www.sana.sy\/es\/?p=88117"},"modified":"2018-08-28T12:55:23","modified_gmt":"2018-08-28T09:55:23","slug":"delegacion-gubernamental-conformada-por-ocho-ministros-visita-provincia-de-deraa","status":"publish","type":"post","link":"https:\/\/archive.sana.sy\/es\/?p=88117","title":{"rendered":"Delegaci\u00f3n gubernamental conformada por ocho ministros visita provincia de Deraa"},"content":{"rendered":"<p><span style=\"color: #800000;\">Deraa, SANA<\/span><\/p>\n<p>Cumpliendo indicaciones del presidente Bashar Al-Assad, una delegaci\u00f3n gubernamental inici\u00f3 una visita a la provincia sure\u00f1a de Deraa, liberada recientemente del terrorismo.<\/p>\n<p>La delegaci\u00f3n es encabezada por el primer ministro, Imad Khamis, y est\u00e1 conformada por ocho ministros.<\/p>\n<p>La visita apunta a restaurar los servicios y de levantar los recursos econ\u00f3micos y humanos.<\/p>\n<p><span style=\"color: #0000ff;\">F. Marouf\/ Dr. A. Shaban<\/span><\/p>\n","protected":false},"excerpt":{"rendered":"<p>Deraa, SANA Cumpliendo indicaciones del presidente Bashar Al-Assad, una delegaci\u00f3n gubernamental inici\u00f3 una visita a la provincia sure\u00f1a de Deraa, liberada recientemente del terrorismo. La delegaci\u00f3n es encabezada por el primer ministro, Imad Khamis, y est\u00e1 conformada por ocho ministros. La visita apunta a restaurar los servicios y de levantar los recursos econ\u00f3micos y humanos. &hellip;<\/p>\n","protected":false},"author":1,"featured_media":88118,"comment_status":"closed","ping_status":"closed","sticky":false,"template":"","format":"standard","meta":{"footnotes":""},"categories":[597,573,476,583],"tags":[12492],"class_list":["post-88117","post","type-post","status-publish","format-standard","has-post-thumbnail","","category-cinta-de-noticias","category-la-realidad-de-los-acontecimientos-en-siria","category-locales","category-slide","tag-delegacion-gubernamental-conformada-por-ocho-ministros-visita-provincia-de-deraa"],"_links":{"self":[{"href":"https:\/\/archive.sana.sy\/es\/index.php?rest_route=\/wp\/v2\/posts\/88117"}],"collection":[{"href":"https:\/\/archive.sana.sy\/es\/index.php?rest_route=\/wp\/v2\/posts"}],"about":[{"href":"https:\/\/archive.sana.sy\/es\/index.php?rest_route=\/wp\/v2\/types\/post"}],"author":[{"embeddable":true,"href":"https:\/\/archive.sana.sy\/es\/index.php?rest_route=\/wp\/v2\/users\/1"}],"replies":[{"embeddable":true,"href":"https:\/\/archive.sana.sy\/es\/index.php?rest_route=%2Fwp%2Fv2%2Fcomments&post=88117"}],"version-history":[{"count":0,"href":"https:\/\/archive.sana.sy\/es\/index.php?rest_route=\/wp\/v2\/posts\/88117\/revisions"}],"wp:featuredmedia":[{"embeddable":true,"href":"https:\/\/archive.sana.sy\/es\/index.php?rest_route=\/wp\/v2\/media\/88118"}],"wp:attachment":[{"href":"https:\/\/archive.sana.sy\/es\/index.php?rest_route=%2Fwp%2Fv2%2Fmedia&parent=88117"}],"wp:term":[{"taxonomy":"category","embeddable":true,"href":"https:\/\/archive.sana.sy\/es\/index.php?rest_route=%2Fwp%2Fv2%2Fcategories&post=88117"},{"taxonomy":"post_tag","embeddable":true,"href":"https:\/\/archive.sana.sy\/es\/index.php?rest_route=%2Fwp%2Fv2%2Ftags&post=88117"}],"curies":[{"name":"wp","href":"https:\/\/api.w.org\/{rel}","templated":true}]}}