{"id":88120,"date":"2018-08-28T14:01:34","date_gmt":"2018-08-28T11:01:34","guid":{"rendered":"https:\/\/www.sana.sy\/es\/?p=88120"},"modified":"2018-08-28T15:04:16","modified_gmt":"2018-08-28T12:04:16","slug":"miles-de-civiles-vuelven-a-sus-hogares-en-dareya-al-sur-de-damasco","status":"publish","type":"post","link":"https:\/\/archive.sana.sy\/es\/?p=88120","title":{"rendered":"Miles de civiles vuelven a sus hogares en Dareya al sur de Damasco"},"content":{"rendered":"<p><span style=\"color: #800000;\">Damasco, SANA<\/span><\/p>\n<p>Miles de civiles han comenzado hoy a regresar a sus hogares en la ciudad de Dareya, en el sur de la capital Damasco.<\/p>\n<p>La urbe fue liberada del terrorismo a finales de agosto del 2016, y la vuelta de los civiles a sus casas forma parte de los esfuerzos del gobierno para garantizar el retorno de los desplazados a sus pueblos y ciudades despu\u00e9s de su liberaci\u00f3n del terrorismo.<\/p>\n<p>Fuentes en la Gobernaci\u00f3n de Damasco-campo aseguraron que los equipos han trabajando durante m\u00e1s de un a\u00f1o para asegurar las condiciones adecuadas y los servicios b\u00e1sicos necesarios para que los ciudadanos puedan reanudar su vida con plena normalidad.<\/p>\n<p>Asimismo, fueron rehabilitadas las calles, las carreteras, las escuelas y las sedes de las instituciones gubernamentales.<\/p>\n<p>&nbsp;<\/p>\n<p><img decoding=\"async\" src=\"https:\/\/www.sana.sy\/wp-content\/uploads\/2018\/08\/2-334.jpg\" \/><\/p>\n<p><img decoding=\"async\" src=\"https:\/\/www.sana.sy\/wp-content\/uploads\/2018\/08\/1-516.jpg\" \/><\/p>\n<p><img decoding=\"async\" src=\"https:\/\/www.sana.sy\/wp-content\/uploads\/2018\/08\/3-258.jpg\" \/><\/p>\n<p><span style=\"color: #0000ff;\">F. Marouf\/ Dr. A. Shaban<\/span><\/p>\n","protected":false},"excerpt":{"rendered":"<p>Damasco, SANA Miles de civiles han comenzado hoy a regresar a sus hogares en la ciudad de Dareya, en el sur de la capital Damasco. La urbe fue liberada del terrorismo a finales de agosto del 2016, y la vuelta de los civiles a sus casas forma parte de los esfuerzos del gobierno para garantizar &hellip;<\/p>\n","protected":false},"author":1,"featured_media":88121,"comment_status":"closed","ping_status":"closed","sticky":false,"template":"","format":"standard","meta":{"footnotes":""},"categories":[597,573,476,583],"tags":[12493],"class_list":["post-88120","post","type-post","status-publish","format-standard","has-post-thumbnail","","category-cinta-de-noticias","category-la-realidad-de-los-acontecimientos-en-siria","category-locales","category-slide","tag-miles-de-civiles-vuelven-a-sus-hogares-en-dareya-al-sur-de-damasco"],"_links":{"self":[{"href":"https:\/\/archive.sana.sy\/es\/index.php?rest_route=\/wp\/v2\/posts\/88120"}],"collection":[{"href":"https:\/\/archive.sana.sy\/es\/index.php?rest_route=\/wp\/v2\/posts"}],"about":[{"href":"https:\/\/archive.sana.sy\/es\/index.php?rest_route=\/wp\/v2\/types\/post"}],"author":[{"embeddable":true,"href":"https:\/\/archive.sana.sy\/es\/index.php?rest_route=\/wp\/v2\/users\/1"}],"replies":[{"embeddable":true,"href":"https:\/\/archive.sana.sy\/es\/index.php?rest_route=%2Fwp%2Fv2%2Fcomments&post=88120"}],"version-history":[{"count":0,"href":"https:\/\/archive.sana.sy\/es\/index.php?rest_route=\/wp\/v2\/posts\/88120\/revisions"}],"wp:featuredmedia":[{"embeddable":true,"href":"https:\/\/archive.sana.sy\/es\/index.php?rest_route=\/wp\/v2\/media\/88121"}],"wp:attachment":[{"href":"https:\/\/archive.sana.sy\/es\/index.php?rest_route=%2Fwp%2Fv2%2Fmedia&parent=88120"}],"wp:term":[{"taxonomy":"category","embeddable":true,"href":"https:\/\/archive.sana.sy\/es\/index.php?rest_route=%2Fwp%2Fv2%2Fcategories&post=88120"},{"taxonomy":"post_tag","embeddable":true,"href":"https:\/\/archive.sana.sy\/es\/index.php?rest_route=%2Fwp%2Fv2%2Ftags&post=88120"}],"curies":[{"name":"wp","href":"https:\/\/api.w.org\/{rel}","templated":true}]}}