{"id":88123,"date":"2018-08-29T08:33:00","date_gmt":"2018-08-29T05:33:00","guid":{"rendered":"https:\/\/www.sana.sy\/es\/?p=88123"},"modified":"2018-08-29T10:48:21","modified_gmt":"2018-08-29T07:48:21","slug":"moscu-los-terroristas-retienen-a-mas-de-dos-millones-de-civiles-en-idleb","status":"publish","type":"post","link":"https:\/\/archive.sana.sy\/es\/?p=88123","title":{"rendered":"Mosc\u00fa: los terroristas retienen a m\u00e1s de dos millones de civiles en Idleb"},"content":{"rendered":"<p><span style=\"color: #800000;\">Nueva York, SANA<\/span><\/p>\n<p>Rusia advirti\u00f3 de una nueva agresi\u00f3n occidental contra Siria basada en denuncias falsas de uso de armas qu\u00edmicas por parte del gobierno de Damasco.<\/p>\n<p>El delegado permanente de Rusia ante las Naciones Unidas, Vassili Nebenzia, dijo durante una reuni\u00f3n extraordinaria del Consejo de Seguridad de la ONU sobre la situaci\u00f3n en Siria, que el grupo terrorista Frente Al-Nousra retiene a m\u00e1s de dos millones de civiles en Idlib y actualmente est\u00e1 preparando, en cooperaci\u00f3n con los llamados &#8220;Cascos Blancos&#8221;, una amplia provocaci\u00f3n con armas qu\u00edmicas.<\/p>\n<p>\u201cLa advertencia de Mosc\u00fa sobre el hecho de que se est\u00e1 preparando un ataque con armas qu\u00edmicas en Siria se basa en &#8220;hechos concretos&#8221;, afirm\u00f3 Nebenzia.<\/p>\n<p>Agreg\u00f3 que el Ej\u00e9rcito sirio &#8220;no tiene armas qu\u00edmicas&#8221;, e inst\u00f3 a los comandantes de los grupos criminales a rendirse, rechazar las provocaciones y escoger la normalizaci\u00f3n pac\u00edfica.<\/p>\n<p>El diplom\u00e1tico ruso sostuvo que la presencia de las fuerzas estadounidenses en la zona de Tanef es ilegal y viola la soberan\u00eda de Siria.<\/p>\n<p>A\u00f1adi\u00f3 que la \u201cCoalici\u00f3n Internacional&#8221; dirigida por Washington bajo el pretexto de lucha contra los terroristas del Daesh, est\u00e1 tratando de controlar los recursos del pa\u00eds.<\/p>\n<p>El representante ruso denunci\u00f3 tambi\u00e9n que aumenta el n\u00famero de &#8220;elementos militares de las potencias ocupantes de la coalici\u00f3n&#8221; en territorio sirio.<\/p>\n<p><span style=\"color: #0000ff;\">F. Marouf\/ Dr. A. Shaban<\/span><\/p>\n","protected":false},"excerpt":{"rendered":"<p>Nueva York, SANA Rusia advirti\u00f3 de una nueva agresi\u00f3n occidental contra Siria basada en denuncias falsas de uso de armas qu\u00edmicas por parte del gobierno de Damasco. El delegado permanente de Rusia ante las Naciones Unidas, Vassili Nebenzia, dijo durante una reuni\u00f3n extraordinaria del Consejo de Seguridad de la ONU sobre la situaci\u00f3n en Siria, &hellip;<\/p>\n","protected":false},"author":1,"featured_media":88124,"comment_status":"closed","ping_status":"closed","sticky":false,"template":"","format":"standard","meta":{"footnotes":""},"categories":[597,467,7541],"tags":[12494],"class_list":["post-88123","post","type-post","status-publish","format-standard","has-post-thumbnail","","category-cinta-de-noticias","category-siria-y-el-mundo","category-ultimas-noticias","tag-moscu-los-terroristas-retienen-a-mas-de-dos-millones-de-civiles-en-idleb"],"_links":{"self":[{"href":"https:\/\/archive.sana.sy\/es\/index.php?rest_route=\/wp\/v2\/posts\/88123"}],"collection":[{"href":"https:\/\/archive.sana.sy\/es\/index.php?rest_route=\/wp\/v2\/posts"}],"about":[{"href":"https:\/\/archive.sana.sy\/es\/index.php?rest_route=\/wp\/v2\/types\/post"}],"author":[{"embeddable":true,"href":"https:\/\/archive.sana.sy\/es\/index.php?rest_route=\/wp\/v2\/users\/1"}],"replies":[{"embeddable":true,"href":"https:\/\/archive.sana.sy\/es\/index.php?rest_route=%2Fwp%2Fv2%2Fcomments&post=88123"}],"version-history":[{"count":0,"href":"https:\/\/archive.sana.sy\/es\/index.php?rest_route=\/wp\/v2\/posts\/88123\/revisions"}],"wp:featuredmedia":[{"embeddable":true,"href":"https:\/\/archive.sana.sy\/es\/index.php?rest_route=\/wp\/v2\/media\/88124"}],"wp:attachment":[{"href":"https:\/\/archive.sana.sy\/es\/index.php?rest_route=%2Fwp%2Fv2%2Fmedia&parent=88123"}],"wp:term":[{"taxonomy":"category","embeddable":true,"href":"https:\/\/archive.sana.sy\/es\/index.php?rest_route=%2Fwp%2Fv2%2Fcategories&post=88123"},{"taxonomy":"post_tag","embeddable":true,"href":"https:\/\/archive.sana.sy\/es\/index.php?rest_route=%2Fwp%2Fv2%2Ftags&post=88123"}],"curies":[{"name":"wp","href":"https:\/\/api.w.org\/{rel}","templated":true}]}}