{"id":88126,"date":"2018-08-29T08:55:02","date_gmt":"2018-08-29T05:55:02","guid":{"rendered":"https:\/\/www.sana.sy\/es\/?p=88126"},"modified":"2018-08-29T10:48:42","modified_gmt":"2018-08-29T07:48:42","slug":"jaafari-cualquier-agresion-contra-siria-apoyaria-al-terrorismo","status":"publish","type":"post","link":"https:\/\/archive.sana.sy\/es\/?p=88126","title":{"rendered":"Jaafari: cualquier agresi\u00f3n contra Siria apoyar\u00eda al terrorismo"},"content":{"rendered":"<p><span style=\"color: #800000;\">Nueva York, SANA<\/span><\/p>\n<p>El delegado permanente de Siria ante las Naciones Unidas, Bashar Jaafari, denunci\u00f3 que las organizaciones terroristas est\u00e1 preparando para usar armas qu\u00edmicas contra la poblaci\u00f3n civil en Idlib para acusar al Ej\u00e9rcito \u00c1rabe Sirio y justificar cualquier agresi\u00f3n que llevan a cabo los gobiernos patrocinadores de los terroristas.<\/p>\n<p>Durante una reuni\u00f3n extraordinaria del Consejo de Seguridad de la ONU sobre la situaci\u00f3n en Siria, Jaafari present\u00f3 informaci\u00f3n documentada del Frente Al-Nousra y otros grupos terroristas que dicen estar dispuestos a utilizar armas qu\u00edmicas contra los civiles en Idlib para despu\u00e9s responsabilizar a las autoridades sirias y justificar la agresi\u00f3n militar de los pa\u00edses patrocinadores del terrorismo.<\/p>\n<p>Jaafari afirm\u00f3 que Damasco considera amoral el uso de armas qu\u00edmicas y condena su uso en cualesquiera circunstancias.<\/p>\n<p>&#8220;El Gobierno sirio reitera que no posee armas qu\u00edmicas y que cumpli\u00f3 sus compromisos con la Organizaci\u00f3n para la Prohibici\u00f3n de las Armas Qu\u00edmicas [OPAQ] que lo hizo saber a las Naciones Unidas&#8221;, indic\u00f3 el embajador sirio.<\/p>\n<p>Por otro lado, Jaafari dijo que Siria acept\u00f3 a 2700 solicitudes del Programa Mundial de Alimentos para entregar ayuda a las zonas liberadas, y la Media Luna Roja \u00c1rabe Siria, en cooperaci\u00f3n con los socios humanitarios locales e internacionales, entrega estas ayudas a los necesitados y afectados por la guerra.<\/p>\n<p><span style=\"color: #0000ff;\">F. Marouf\/ Dr. A. Shaban<\/span><\/p>\n","protected":false},"excerpt":{"rendered":"<p>Nueva York, SANA El delegado permanente de Siria ante las Naciones Unidas, Bashar Jaafari, denunci\u00f3 que las organizaciones terroristas est\u00e1 preparando para usar armas qu\u00edmicas contra la poblaci\u00f3n civil en Idlib para acusar al Ej\u00e9rcito \u00c1rabe Sirio y justificar cualquier agresi\u00f3n que llevan a cabo los gobiernos patrocinadores de los terroristas. Durante una reuni\u00f3n extraordinaria &hellip;<\/p>\n","protected":false},"author":1,"featured_media":88127,"comment_status":"closed","ping_status":"closed","sticky":false,"template":"","format":"standard","meta":{"footnotes":""},"categories":[597,467,7541,1],"tags":[12495],"class_list":["post-88126","post","type-post","status-publish","format-standard","has-post-thumbnail","","category-cinta-de-noticias","category-siria-y-el-mundo","category-ultimas-noticias","category-news-not-sorted","tag-jaafari-cualquier-agresion-contra-siria-apoyaria-al-terrorismo"],"_links":{"self":[{"href":"https:\/\/archive.sana.sy\/es\/index.php?rest_route=\/wp\/v2\/posts\/88126"}],"collection":[{"href":"https:\/\/archive.sana.sy\/es\/index.php?rest_route=\/wp\/v2\/posts"}],"about":[{"href":"https:\/\/archive.sana.sy\/es\/index.php?rest_route=\/wp\/v2\/types\/post"}],"author":[{"embeddable":true,"href":"https:\/\/archive.sana.sy\/es\/index.php?rest_route=\/wp\/v2\/users\/1"}],"replies":[{"embeddable":true,"href":"https:\/\/archive.sana.sy\/es\/index.php?rest_route=%2Fwp%2Fv2%2Fcomments&post=88126"}],"version-history":[{"count":0,"href":"https:\/\/archive.sana.sy\/es\/index.php?rest_route=\/wp\/v2\/posts\/88126\/revisions"}],"wp:featuredmedia":[{"embeddable":true,"href":"https:\/\/archive.sana.sy\/es\/index.php?rest_route=\/wp\/v2\/media\/88127"}],"wp:attachment":[{"href":"https:\/\/archive.sana.sy\/es\/index.php?rest_route=%2Fwp%2Fv2%2Fmedia&parent=88126"}],"wp:term":[{"taxonomy":"category","embeddable":true,"href":"https:\/\/archive.sana.sy\/es\/index.php?rest_route=%2Fwp%2Fv2%2Fcategories&post=88126"},{"taxonomy":"post_tag","embeddable":true,"href":"https:\/\/archive.sana.sy\/es\/index.php?rest_route=%2Fwp%2Fv2%2Ftags&post=88126"}],"curies":[{"name":"wp","href":"https:\/\/api.w.org\/{rel}","templated":true}]}}