{"id":88129,"date":"2018-08-29T10:15:01","date_gmt":"2018-08-29T07:15:01","guid":{"rendered":"https:\/\/www.sana.sy\/es\/?p=88129"},"modified":"2018-08-29T12:13:57","modified_gmt":"2018-08-29T09:13:57","slug":"gobierno-aprueba-plan-integral-para-la-reconstruccion-de-deraa","status":"publish","type":"post","link":"https:\/\/archive.sana.sy\/es\/?p=88129","title":{"rendered":"Gobierno aprueba plan integral para la reconstrucci\u00f3n de Deraa"},"content":{"rendered":"<p><span style=\"color: #800000;\">Deraa, SANA<\/span><\/p>\n<p>Una delegaci\u00f3n gubernamental conformada por ocho ministros y encabezada por el primer ministro, Imad Khamis, inici\u00f3 una visita a la provincia sure\u00f1a de Deraa, liberada recientemente del terrorismo.<\/p>\n<p>Durante una reuni\u00f3n de la delegaci\u00f3n con los representantes populares y sociales en la provincia, se decidi\u00f3 elaborar un nuevo plan urban\u00edstico para la cabecera provincial dentro de un periodo de seis meses, adem\u00e1s de la rehabilitaci\u00f3n de las escuelas y los centros culturales, y desarrollar un plan para la recuperaci\u00f3n del sector agr\u00edcola.<\/p>\n<p>El Primer Ministro explic\u00f3 que la visita tiene como objetivo desarrollar un plan integrado para superar los efectos de la guerra terrorista en todos los sectores, adem\u00e1s de restaurar los servicios y levantar los recursos econ\u00f3micos y humanos.<\/p>\n<p>A\u00f1adi\u00f3 que el Gobierno est\u00e1 decidido a impulsar el proceso de producci\u00f3n en la provincia de acuerdo a una visi\u00f3n basada en la inversi\u00f3n \u00f3ptima de cada pulgada de tierra agr\u00edcola mediante el apoyo al sector agr\u00edcola y la reactivaci\u00f3n de las industrias agr\u00edcolas.<\/p>\n<p>El ministro de Administraci\u00f3n Municipal y Medio Ambiente, Hussein Makhlouf, dijo que se aprob\u00f3 un presupuesto para reparar los veh\u00edculos gubernamentales da\u00f1ados y comprar unos nuevos para reforzar el sector de limpieza.<\/p>\n<p>A su vez, entre el Ministro de Recursos H\u00eddricos, Nabil Al-Hassan, dijo que se han perforado 12 pozos para resolver el problema de la escasez del agua, y agreg\u00f3 que actualmente se est\u00e1 trabajando en la ejecuci\u00f3n del proyecto de la planta de bombeo de agua en Khirbet Ghazaleh a un costo estimado de casi tres millones de d\u00f3lares, y que tendr\u00e1 capacidad de bombear 320 metros c\u00fabicos de agua por hora y satisfacer las necesidades de la provincia.<\/p>\n<p>Revel\u00f3 adem\u00e1s, que desde la liberaci\u00f3n de la provincia del terrorismo se rehabilitaron 75 pozos para agua potable y cinco plantas de bombeo.<\/p>\n<p>Por su parte, el Ministro de Electricidad, Mohamed Zuhair Kharbotli, se\u00f1al\u00f3 que se han asignado 16 millones de d\u00f3lares para la rehabilitaci\u00f3n del sistema el\u00e9ctrico en la provincia de Deraa.<\/p>\n<p><span style=\"color: #0000ff;\">F. Marouf\/ Dr. A. Shaban<\/span><\/p>\n","protected":false},"excerpt":{"rendered":"<p>Deraa, SANA Una delegaci\u00f3n gubernamental conformada por ocho ministros y encabezada por el primer ministro, Imad Khamis, inici\u00f3 una visita a la provincia sure\u00f1a de Deraa, liberada recientemente del terrorismo. Durante una reuni\u00f3n de la delegaci\u00f3n con los representantes populares y sociales en la provincia, se decidi\u00f3 elaborar un nuevo plan urban\u00edstico para la cabecera &hellip;<\/p>\n","protected":false},"author":1,"featured_media":88130,"comment_status":"closed","ping_status":"closed","sticky":false,"template":"","format":"standard","meta":{"footnotes":""},"categories":[597,573,476,7541],"tags":[12496],"class_list":["post-88129","post","type-post","status-publish","format-standard","has-post-thumbnail","","category-cinta-de-noticias","category-la-realidad-de-los-acontecimientos-en-siria","category-locales","category-ultimas-noticias","tag-gobierno-aprueba-plan-integral-para-la-reconstruccion-de-deraa"],"_links":{"self":[{"href":"https:\/\/archive.sana.sy\/es\/index.php?rest_route=\/wp\/v2\/posts\/88129"}],"collection":[{"href":"https:\/\/archive.sana.sy\/es\/index.php?rest_route=\/wp\/v2\/posts"}],"about":[{"href":"https:\/\/archive.sana.sy\/es\/index.php?rest_route=\/wp\/v2\/types\/post"}],"author":[{"embeddable":true,"href":"https:\/\/archive.sana.sy\/es\/index.php?rest_route=\/wp\/v2\/users\/1"}],"replies":[{"embeddable":true,"href":"https:\/\/archive.sana.sy\/es\/index.php?rest_route=%2Fwp%2Fv2%2Fcomments&post=88129"}],"version-history":[{"count":0,"href":"https:\/\/archive.sana.sy\/es\/index.php?rest_route=\/wp\/v2\/posts\/88129\/revisions"}],"wp:featuredmedia":[{"embeddable":true,"href":"https:\/\/archive.sana.sy\/es\/index.php?rest_route=\/wp\/v2\/media\/88130"}],"wp:attachment":[{"href":"https:\/\/archive.sana.sy\/es\/index.php?rest_route=%2Fwp%2Fv2%2Fmedia&parent=88129"}],"wp:term":[{"taxonomy":"category","embeddable":true,"href":"https:\/\/archive.sana.sy\/es\/index.php?rest_route=%2Fwp%2Fv2%2Fcategories&post=88129"},{"taxonomy":"post_tag","embeddable":true,"href":"https:\/\/archive.sana.sy\/es\/index.php?rest_route=%2Fwp%2Fv2%2Ftags&post=88129"}],"curies":[{"name":"wp","href":"https:\/\/api.w.org\/{rel}","templated":true}]}}