{"id":88132,"date":"2018-08-29T09:15:31","date_gmt":"2018-08-29T06:15:31","guid":{"rendered":"https:\/\/www.sana.sy\/es\/?p=88132"},"modified":"2018-08-29T10:52:21","modified_gmt":"2018-08-29T07:52:21","slug":"mekdad-se-reune-con-el-vicecanciller-polaco-y-alaba-postura-de-polonia-respecto-a-los-refugiados-sirios","status":"publish","type":"post","link":"https:\/\/archive.sana.sy\/es\/?p=88132","title":{"rendered":"Mekdad se re\u00fane con el vicecanciller polaco y alaba postura de Polonia respecto a los refugiados sirios"},"content":{"rendered":"<p><span style=\"color: #800000;\">Damasco, SANA<\/span><\/p>\n<p>El viceministro de Exteriores y Expatriados, Faisal Mekdad, se reuni\u00f3 en la capital Damasco con su hom\u00f3logo polaco, Angie Babic, y la delegaci\u00f3n que le acompa\u00f1a.<\/p>\n<p>Las conversaciones abordaron el aprecio de Siria a la postura de Polonia sobre la cuesti\u00f3n de los refugiados sirios y el apoyo que Polonia brindar\u00e1 para llevar a cabo sus responsabilidades en esta \u00e1rea.<\/p>\n<p>El Viceministro de Exteriores de Polonia expres\u00f3 su satisfacci\u00f3n por visitar la Rep\u00fablica \u00c1rabe Siria con el objetivo de ayudar al Estado sirio a recibir los refugiados sirios al crear condiciones favorables para su regreso a casa.<\/p>\n<p>En una declaraci\u00f3n a la prensa, Mekdad dijo que esta es la primera delegaci\u00f3n oficial polaca que visita Siria desde el comienzo de la guerra, y se\u00f1al\u00f3 que el objetivo de la visita es discutir un proyecto espec\u00edfico sobre el regreso de los refugiados sirios a su pa\u00eds.<\/p>\n<p>Explic\u00f3 que la postura de Polonia es realista y racional, y subray\u00f3 que esa era la forma correcta para ayudar a Siria y que vincular la ayuda humanitaria a otras condiciones es inaceptable.<\/p>\n<p>Seg\u00fan explic\u00f3 Mekdad, la iniciativa polaca se resume en la construcci\u00f3n de 100 viviendas en un lugar que escoge el Estado sirio para m\u00e1s de 100 familias sirias que viven en el L\u00edbano.<\/p>\n<p>A su vez, el diplom\u00e1tico polaco afirm\u00f3 que su pa\u00eds tiene buenas relaciones con Siria que datan de los a\u00f1os cuarenta del siglo XX, indicando que estas relaciones no han sido cortadas durante el per\u00edodo dif\u00edcil experimentado por Siria y que la Embajada de Siria en Varsovia sigue abierta y hay una representaci\u00f3n diplom\u00e1tica de Polonia a nivel de encargado de negocios en Damasco.<\/p>\n<p><span style=\"color: #0000ff;\">F. Marouf\/ Dr. A. Shaban<\/span><\/p>\n","protected":false},"excerpt":{"rendered":"<p>Damasco, SANA El viceministro de Exteriores y Expatriados, Faisal Mekdad, se reuni\u00f3 en la capital Damasco con su hom\u00f3logo polaco, Angie Babic, y la delegaci\u00f3n que le acompa\u00f1a. Las conversaciones abordaron el aprecio de Siria a la postura de Polonia sobre la cuesti\u00f3n de los refugiados sirios y el apoyo que Polonia brindar\u00e1 para llevar &hellip;<\/p>\n","protected":false},"author":1,"featured_media":88133,"comment_status":"closed","ping_status":"closed","sticky":false,"template":"","format":"standard","meta":{"footnotes":""},"categories":[597,467,7541],"tags":[12497],"class_list":["post-88132","post","type-post","status-publish","format-standard","has-post-thumbnail","","category-cinta-de-noticias","category-siria-y-el-mundo","category-ultimas-noticias","tag-mekdad-se-reune-con-el-vicecanciller-polaco-y-alaba-postura-de-polonia-respecto-a-los-refugiados-sirios"],"_links":{"self":[{"href":"https:\/\/archive.sana.sy\/es\/index.php?rest_route=\/wp\/v2\/posts\/88132"}],"collection":[{"href":"https:\/\/archive.sana.sy\/es\/index.php?rest_route=\/wp\/v2\/posts"}],"about":[{"href":"https:\/\/archive.sana.sy\/es\/index.php?rest_route=\/wp\/v2\/types\/post"}],"author":[{"embeddable":true,"href":"https:\/\/archive.sana.sy\/es\/index.php?rest_route=\/wp\/v2\/users\/1"}],"replies":[{"embeddable":true,"href":"https:\/\/archive.sana.sy\/es\/index.php?rest_route=%2Fwp%2Fv2%2Fcomments&post=88132"}],"version-history":[{"count":0,"href":"https:\/\/archive.sana.sy\/es\/index.php?rest_route=\/wp\/v2\/posts\/88132\/revisions"}],"wp:featuredmedia":[{"embeddable":true,"href":"https:\/\/archive.sana.sy\/es\/index.php?rest_route=\/wp\/v2\/media\/88133"}],"wp:attachment":[{"href":"https:\/\/archive.sana.sy\/es\/index.php?rest_route=%2Fwp%2Fv2%2Fmedia&parent=88132"}],"wp:term":[{"taxonomy":"category","embeddable":true,"href":"https:\/\/archive.sana.sy\/es\/index.php?rest_route=%2Fwp%2Fv2%2Fcategories&post=88132"},{"taxonomy":"post_tag","embeddable":true,"href":"https:\/\/archive.sana.sy\/es\/index.php?rest_route=%2Fwp%2Fv2%2Ftags&post=88132"}],"curies":[{"name":"wp","href":"https:\/\/api.w.org\/{rel}","templated":true}]}}