{"id":88135,"date":"2018-08-29T09:52:25","date_gmt":"2018-08-29T06:52:25","guid":{"rendered":"https:\/\/www.sana.sy\/es\/?p=88135"},"modified":"2018-08-29T10:53:56","modified_gmt":"2018-08-29T07:53:56","slug":"ejercito-destruye-fortificaciones-de-los-terroristas-en-el-norte-de-hama","status":"publish","type":"post","link":"https:\/\/archive.sana.sy\/es\/?p=88135","title":{"rendered":"Ej\u00e9rcito destruye fortificaciones de los terroristas en el norte de Hama"},"content":{"rendered":"<p><span style=\"color: #800000;\">Hama, SANA<\/span><\/p>\n<p>Los grupos terroristas en el campo norte de la provincia de Hama sufrieron colosales p\u00e9rdidas y numerosas bajas en sus filas, en los bombardeos de las fuerzas armadas sirias.<\/p>\n<p>Una fuente militar inform\u00f3 que el ej\u00e9rcito bombarde\u00f3 con misiles a terroristas del denominado grupo radical \u201cEj\u00e9rcito Izza\u201d mientras realizaban obras de fortificaciones en las tierras agr\u00edcolas en la localidad de Hasraya.<\/p>\n<p>Asimismo, fue destruida con el fuego de la artiller\u00eda a una sede de los terroristas en las afueras de la ciudad de Latamneh, a unos 35 km al noroeste de Hama.<\/p>\n<p><span style=\"color: #0000ff;\">F. Marouf\/ Dr. A. Shaban<\/span><\/p>\n","protected":false},"excerpt":{"rendered":"<p>Hama, SANA Los grupos terroristas en el campo norte de la provincia de Hama sufrieron colosales p\u00e9rdidas y numerosas bajas en sus filas, en los bombardeos de las fuerzas armadas sirias. Una fuente militar inform\u00f3 que el ej\u00e9rcito bombarde\u00f3 con misiles a terroristas del denominado grupo radical \u201cEj\u00e9rcito Izza\u201d mientras realizaban obras de fortificaciones en &hellip;<\/p>\n","protected":false},"author":1,"featured_media":88136,"comment_status":"closed","ping_status":"closed","sticky":false,"template":"","format":"standard","meta":{"footnotes":""},"categories":[597,573,476,7541],"tags":[],"class_list":["post-88135","post","type-post","status-publish","format-standard","has-post-thumbnail","","category-cinta-de-noticias","category-la-realidad-de-los-acontecimientos-en-siria","category-locales","category-ultimas-noticias"],"_links":{"self":[{"href":"https:\/\/archive.sana.sy\/es\/index.php?rest_route=\/wp\/v2\/posts\/88135"}],"collection":[{"href":"https:\/\/archive.sana.sy\/es\/index.php?rest_route=\/wp\/v2\/posts"}],"about":[{"href":"https:\/\/archive.sana.sy\/es\/index.php?rest_route=\/wp\/v2\/types\/post"}],"author":[{"embeddable":true,"href":"https:\/\/archive.sana.sy\/es\/index.php?rest_route=\/wp\/v2\/users\/1"}],"replies":[{"embeddable":true,"href":"https:\/\/archive.sana.sy\/es\/index.php?rest_route=%2Fwp%2Fv2%2Fcomments&post=88135"}],"version-history":[{"count":0,"href":"https:\/\/archive.sana.sy\/es\/index.php?rest_route=\/wp\/v2\/posts\/88135\/revisions"}],"wp:featuredmedia":[{"embeddable":true,"href":"https:\/\/archive.sana.sy\/es\/index.php?rest_route=\/wp\/v2\/media\/88136"}],"wp:attachment":[{"href":"https:\/\/archive.sana.sy\/es\/index.php?rest_route=%2Fwp%2Fv2%2Fmedia&parent=88135"}],"wp:term":[{"taxonomy":"category","embeddable":true,"href":"https:\/\/archive.sana.sy\/es\/index.php?rest_route=%2Fwp%2Fv2%2Fcategories&post=88135"},{"taxonomy":"post_tag","embeddable":true,"href":"https:\/\/archive.sana.sy\/es\/index.php?rest_route=%2Fwp%2Fv2%2Ftags&post=88135"}],"curies":[{"name":"wp","href":"https:\/\/api.w.org\/{rel}","templated":true}]}}