{"id":88138,"date":"2018-08-29T10:00:05","date_gmt":"2018-08-29T07:00:05","guid":{"rendered":"https:\/\/www.sana.sy\/es\/?p=88138"},"modified":"2018-08-29T13:15:13","modified_gmt":"2018-08-29T10:15:13","slug":"ejercito-controla-la-presa-de-hatil-en-el-desierto-de-sweida","status":"publish","type":"post","link":"https:\/\/archive.sana.sy\/es\/?p=88138","title":{"rendered":"Ej\u00e9rcito controla la presa de Hatil en el desierto de Sweida"},"content":{"rendered":"<p><span style=\"color: #800000;\">Sweida, SANA<\/span><\/p>\n<p>Las unidades del Ej\u00e9rcito sirio, en cooperaci\u00f3n con las fuerzas aliadas, continuaron sus operaciones de persecuci\u00f3n a los terroristas del Daesh en sus \u00faltimos focos en el desierto de Sweida.<\/p>\n<p>Seg\u00fan informaron fuentes militares, los uniformados sirios lograron significativo avance al controlar la presa Hatil, ubicada a 30 km al este de la localidad de Um Marzekh en el desierto de Sweida.<\/p>\n<p>Las operaciones militares, seg\u00fan agregaron las fuentes, infligieron bajas y p\u00e9rdidas en las filas de los terroristas.<\/p>\n<p>Asimismo, las unidades del ej\u00e9rcito reforzaron su despliegue en la zona de Sheikh Hussein donde controlaron m\u00e1s \u00e1reas en los terraplenes rocosos.<\/p>\n<p><span style=\"color: #0000ff;\">F. Marouf\/ Dr. A. Shaban<\/span><\/p>\n","protected":false},"excerpt":{"rendered":"<p>Sweida, SANA Las unidades del Ej\u00e9rcito sirio, en cooperaci\u00f3n con las fuerzas aliadas, continuaron sus operaciones de persecuci\u00f3n a los terroristas del Daesh en sus \u00faltimos focos en el desierto de Sweida. Seg\u00fan informaron fuentes militares, los uniformados sirios lograron significativo avance al controlar la presa Hatil, ubicada a 30 km al este de la &hellip;<\/p>\n","protected":false},"author":1,"featured_media":88139,"comment_status":"closed","ping_status":"closed","sticky":false,"template":"","format":"standard","meta":{"footnotes":""},"categories":[597,573,476,7541],"tags":[12498],"class_list":["post-88138","post","type-post","status-publish","format-standard","has-post-thumbnail","","category-cinta-de-noticias","category-la-realidad-de-los-acontecimientos-en-siria","category-locales","category-ultimas-noticias","tag-ejercito-controla-la-presa-de-hatil-en-el-desierto-de-sweida"],"_links":{"self":[{"href":"https:\/\/archive.sana.sy\/es\/index.php?rest_route=\/wp\/v2\/posts\/88138"}],"collection":[{"href":"https:\/\/archive.sana.sy\/es\/index.php?rest_route=\/wp\/v2\/posts"}],"about":[{"href":"https:\/\/archive.sana.sy\/es\/index.php?rest_route=\/wp\/v2\/types\/post"}],"author":[{"embeddable":true,"href":"https:\/\/archive.sana.sy\/es\/index.php?rest_route=\/wp\/v2\/users\/1"}],"replies":[{"embeddable":true,"href":"https:\/\/archive.sana.sy\/es\/index.php?rest_route=%2Fwp%2Fv2%2Fcomments&post=88138"}],"version-history":[{"count":0,"href":"https:\/\/archive.sana.sy\/es\/index.php?rest_route=\/wp\/v2\/posts\/88138\/revisions"}],"wp:featuredmedia":[{"embeddable":true,"href":"https:\/\/archive.sana.sy\/es\/index.php?rest_route=\/wp\/v2\/media\/88139"}],"wp:attachment":[{"href":"https:\/\/archive.sana.sy\/es\/index.php?rest_route=%2Fwp%2Fv2%2Fmedia&parent=88138"}],"wp:term":[{"taxonomy":"category","embeddable":true,"href":"https:\/\/archive.sana.sy\/es\/index.php?rest_route=%2Fwp%2Fv2%2Fcategories&post=88138"},{"taxonomy":"post_tag","embeddable":true,"href":"https:\/\/archive.sana.sy\/es\/index.php?rest_route=%2Fwp%2Fv2%2Ftags&post=88138"}],"curies":[{"name":"wp","href":"https:\/\/api.w.org\/{rel}","templated":true}]}}