{"id":88141,"date":"2018-08-29T11:00:04","date_gmt":"2018-08-29T08:00:04","guid":{"rendered":"https:\/\/www.sana.sy\/es\/?p=88141"},"modified":"2018-08-29T11:00:04","modified_gmt":"2018-08-29T08:00:04","slug":"48-paises-y-1700-companias-arabes-y-extranjeras-participaran-en-la-feria-internacional-de-damasco","status":"publish","type":"post","link":"https:\/\/archive.sana.sy\/es\/?p=88141","title":{"rendered":"48 pa\u00edses y 1700 compa\u00f1\u00edas \u00e1rabes y extranjeras participaran en la Feria Internacional de Damasco"},"content":{"rendered":"<p><span style=\"color: #800000;\">Damasco, SANA<\/span><\/p>\n<p>Contin\u00faan los preparativos para la 60 Edici\u00f3n de la Feria Internacional de Damasco que se inaugurar\u00e1 del 6 al 15 del pr\u00f3ximo mes de Septiembre.<\/p>\n<p>El director del Establecimiento General para Ferias y Mercados Internacionales, Firas Kerketli, dijo que 48 pa\u00edses confirmaron su participaci\u00f3n, 23 de forma oficial y 25 a trav\u00e9s de compa\u00f1\u00edas, revelando que en esta edici\u00f3n participan nuevos pa\u00edses como Argentina, Macedonia y Osetia.<\/p>\n<p>Explic\u00f3 adem\u00e1s que 100 hombres de negocios participar\u00e1n en el Foro Econ\u00f3mico de Empresarios Sirios y Rusos que se celebrar\u00e1n en el marco de la Feria, adem\u00e1s de la participaci\u00f3n de cerca de 50 empresarios de la India y 43 hombres de negocios de Abjasia.<\/p>\n<p>Asegur\u00f3 que las puertas de la feria est\u00e1n abiertas a los visitantes, y se\u00f1al\u00f3 que el n\u00famero de visitantes el a\u00f1o pasado super\u00f3 los dos millones.<\/p>\n<p><span style=\"color: #0000ff;\">F. Marouf\/ Dr. A. Shaban<\/span><\/p>\n","protected":false},"excerpt":{"rendered":"<p>Damasco, SANA Contin\u00faan los preparativos para la 60 Edici\u00f3n de la Feria Internacional de Damasco que se inaugurar\u00e1 del 6 al 15 del pr\u00f3ximo mes de Septiembre. El director del Establecimiento General para Ferias y Mercados Internacionales, Firas Kerketli, dijo que 48 pa\u00edses confirmaron su participaci\u00f3n, 23 de forma oficial y 25 a trav\u00e9s de &hellip;<\/p>\n","protected":false},"author":1,"featured_media":88142,"comment_status":"closed","ping_status":"closed","sticky":false,"template":"","format":"standard","meta":{"footnotes":""},"categories":[597,7541],"tags":[12499],"class_list":["post-88141","post","type-post","status-publish","format-standard","has-post-thumbnail","","category-cinta-de-noticias","category-ultimas-noticias","tag-48-paises-y-1700-companias-arabes-y-extranjeras-participaran-en-la-feria-internacional-de-damasco"],"_links":{"self":[{"href":"https:\/\/archive.sana.sy\/es\/index.php?rest_route=\/wp\/v2\/posts\/88141"}],"collection":[{"href":"https:\/\/archive.sana.sy\/es\/index.php?rest_route=\/wp\/v2\/posts"}],"about":[{"href":"https:\/\/archive.sana.sy\/es\/index.php?rest_route=\/wp\/v2\/types\/post"}],"author":[{"embeddable":true,"href":"https:\/\/archive.sana.sy\/es\/index.php?rest_route=\/wp\/v2\/users\/1"}],"replies":[{"embeddable":true,"href":"https:\/\/archive.sana.sy\/es\/index.php?rest_route=%2Fwp%2Fv2%2Fcomments&post=88141"}],"version-history":[{"count":0,"href":"https:\/\/archive.sana.sy\/es\/index.php?rest_route=\/wp\/v2\/posts\/88141\/revisions"}],"wp:featuredmedia":[{"embeddable":true,"href":"https:\/\/archive.sana.sy\/es\/index.php?rest_route=\/wp\/v2\/media\/88142"}],"wp:attachment":[{"href":"https:\/\/archive.sana.sy\/es\/index.php?rest_route=%2Fwp%2Fv2%2Fmedia&parent=88141"}],"wp:term":[{"taxonomy":"category","embeddable":true,"href":"https:\/\/archive.sana.sy\/es\/index.php?rest_route=%2Fwp%2Fv2%2Fcategories&post=88141"},{"taxonomy":"post_tag","embeddable":true,"href":"https:\/\/archive.sana.sy\/es\/index.php?rest_route=%2Fwp%2Fv2%2Ftags&post=88141"}],"curies":[{"name":"wp","href":"https:\/\/api.w.org\/{rel}","templated":true}]}}