{"id":88174,"date":"2018-08-30T08:51:42","date_gmt":"2018-08-30T05:51:42","guid":{"rendered":"https:\/\/www.sana.sy\/es\/?p=88174"},"modified":"2018-08-30T10:53:14","modified_gmt":"2018-08-30T07:53:14","slug":"fuerzas-navales-sirias-celebran-aniversario-de-su-fundacion","status":"publish","type":"post","link":"https:\/\/archive.sana.sy\/es\/?p=88174","title":{"rendered":"Fuerzas Navales sirias celebran aniversario de su fundaci\u00f3n"},"content":{"rendered":"<p><span style=\"color: #800000;\">Latakia, SANA<\/span><\/p>\n<p>Las Fuerzas Navales y la Defensa Costera del Ej\u00e9rcito \u00c1rabe Sirio celebraron el 70 aniversario del D\u00eda de Fuerzas Navales Sirias, que cae el 29 de agosto de cada a\u00f1o.<\/p>\n<p>Durante la ceremonia, se inaugur\u00f3 el monumento conmemorativo construido en honor a las vidas de los m\u00e1rtires de las Fuerzas Navales y la Defensa Costera.<\/p>\n<p>La ceremonia incluy\u00f3 adem\u00e1s un desfile militar y una actuaci\u00f3n deportiva en la Academia Mar\u00edtima, en el que participaron barcos equipados con misiles y naves de patrullaje y de desminado, adem\u00e1s de barcos de hombres rana y helic\u00f3pteros.<\/p>\n<p>Asistieron a la ceremonia el viceministro de Defensa, el comandante Mahmoud Abdelwahab Shawa, el gobernador de Latakia, Ibrahim Khader Al Salem, y varios oficiales y figuras militares y oficiales de la provincia.<\/p>\n<p><span style=\"color: #0000ff;\">F. Marouf\/ Dr. A. Shaban<\/span><\/p>\n","protected":false},"excerpt":{"rendered":"<p>Latakia, SANA Las Fuerzas Navales y la Defensa Costera del Ej\u00e9rcito \u00c1rabe Sirio celebraron el 70 aniversario del D\u00eda de Fuerzas Navales Sirias, que cae el 29 de agosto de cada a\u00f1o. Durante la ceremonia, se inaugur\u00f3 el monumento conmemorativo construido en honor a las vidas de los m\u00e1rtires de las Fuerzas Navales y la &hellip;<\/p>\n","protected":false},"author":1,"featured_media":88175,"comment_status":"closed","ping_status":"closed","sticky":false,"template":"","format":"standard","meta":{"footnotes":""},"categories":[597,573,476,7541],"tags":[12502],"class_list":["post-88174","post","type-post","status-publish","format-standard","has-post-thumbnail","","category-cinta-de-noticias","category-la-realidad-de-los-acontecimientos-en-siria","category-locales","category-ultimas-noticias","tag-fuerzas-navales-sirias-celebran-aniversario-de-su-fundacion"],"_links":{"self":[{"href":"https:\/\/archive.sana.sy\/es\/index.php?rest_route=\/wp\/v2\/posts\/88174"}],"collection":[{"href":"https:\/\/archive.sana.sy\/es\/index.php?rest_route=\/wp\/v2\/posts"}],"about":[{"href":"https:\/\/archive.sana.sy\/es\/index.php?rest_route=\/wp\/v2\/types\/post"}],"author":[{"embeddable":true,"href":"https:\/\/archive.sana.sy\/es\/index.php?rest_route=\/wp\/v2\/users\/1"}],"replies":[{"embeddable":true,"href":"https:\/\/archive.sana.sy\/es\/index.php?rest_route=%2Fwp%2Fv2%2Fcomments&post=88174"}],"version-history":[{"count":0,"href":"https:\/\/archive.sana.sy\/es\/index.php?rest_route=\/wp\/v2\/posts\/88174\/revisions"}],"wp:featuredmedia":[{"embeddable":true,"href":"https:\/\/archive.sana.sy\/es\/index.php?rest_route=\/wp\/v2\/media\/88175"}],"wp:attachment":[{"href":"https:\/\/archive.sana.sy\/es\/index.php?rest_route=%2Fwp%2Fv2%2Fmedia&parent=88174"}],"wp:term":[{"taxonomy":"category","embeddable":true,"href":"https:\/\/archive.sana.sy\/es\/index.php?rest_route=%2Fwp%2Fv2%2Fcategories&post=88174"},{"taxonomy":"post_tag","embeddable":true,"href":"https:\/\/archive.sana.sy\/es\/index.php?rest_route=%2Fwp%2Fv2%2Ftags&post=88174"}],"curies":[{"name":"wp","href":"https:\/\/api.w.org\/{rel}","templated":true}]}}