{"id":88177,"date":"2018-08-30T08:58:19","date_gmt":"2018-08-30T05:58:19","guid":{"rendered":"https:\/\/www.sana.sy\/es\/?p=88177"},"modified":"2023-01-10T15:10:31","modified_gmt":"2023-01-10T13:10:31","slug":"siria-se-recupera-y-empieza-fase-de-reconstruccion","status":"publish","type":"post","link":"https:\/\/archive.sana.sy\/es\/?p=88177","title":{"rendered":"Siria se recupera y empieza fase de reconstrucci\u00f3n"},"content":{"rendered":"<p><span style=\"color: #800000;\">Damasco, SANA<\/span><\/p>\n<p>Siria est\u00e1 viviendo actualmente una fase de recuperaci\u00f3n y reconstrucci\u00f3n tras la liberaci\u00f3n de casi todo el territorio nacional del terrorismo.<\/p>\n<p>Varios eventos econ\u00f3micos se celebraron en Siria la semana pasada, de los cuales mencionamos:<\/p>\n<p>M\u00e1s de 350 instalaciones industriales entran en fase de producci\u00f3n en primera mitad del 2018<\/p>\n<p><span style=\"color: #0000ff;\">376 instalaciones y proyectos industriales han entrado en fase de producci\u00f3n durante el primer semestre del 2018.<\/span><\/p>\n<p>De acuerdo al Departamento de Inversi\u00f3n en el Ministerio de Industria, los nuevos proyectos industriales tienen un capital de 10 mil 400 millones de libras, el equivalente a 25 millones de d\u00f3lares, y garantizaron 1.712 puestos de trabajo.<\/p>\n<p>Las nuevas instalaciones abarcan la industria alimentaria, textil y qu\u00edmica, y revel\u00f3 que se concedieron licencias para 1.025 instalaciones con un capital de 62 mil millones de libras sirias, equivalente a 130 millones de d\u00f3lares, y garantizar\u00e1n 9.135 oportunidades de trabajo.<\/p>\n<p>El Ministerio de Industria sirio atribuy\u00f3 el aumento del n\u00famero de instalaciones industriales que entraron en producci\u00f3n a las victorias del ej\u00e9rcito sirio que proporcionaron un ambiente de seguridad que contribuy\u00f3 a la recuperaci\u00f3n de la industria siria.<\/p>\n<p><span style=\"color: #0000ff;\">48 pa\u00edses y 1700 compa\u00f1\u00edas \u00e1rabes y extranjeras participaran en la Feria Internacional de Damasco<\/span><\/p>\n<p>Contin\u00faan los preparativos para la 60 Edici\u00f3n de la Feria Internacional de Damasco que se inaugurar\u00e1 del 6 al 15 del pr\u00f3ximo mes de Septiembre.<\/p>\n<p>El director del Establecimiento General para Ferias y Mercados Internacionales, Firas Kerketli, dijo que 48 pa\u00edses confirmaron su participaci\u00f3n, 23 de forma oficial y 25 a trav\u00e9s de compa\u00f1\u00edas, revelando que en esta edici\u00f3n participan nuevos pa\u00edses como Argentina, Macedonia y Osetia.<\/p>\n<p>Explic\u00f3 adem\u00e1s que 100 hombres de negocios participar\u00e1n en el Foro Econ\u00f3mico de Empresarios Sirios y Rusos que se celebrar\u00e1n en el marco de la Feria, adem\u00e1s de la participaci\u00f3n de cerca de 50 empresarios de la India y 43 hombres de negocios de Abjasia.<\/p>\n<p>Asegur\u00f3 que las puertas de la feria est\u00e1n abiertas a los visitantes, y se\u00f1al\u00f3 que el n\u00famero de visitantes el a\u00f1o pasado super\u00f3 los dos millones.<\/p>\n<p><span style=\"color: #0000ff;\">Gobierno aprueba plan integral para la reconstrucci\u00f3n de Deraa<\/span><\/p>\n<p>Una delegaci\u00f3n gubernamental conformada por ocho ministros y encabezada por el primer ministro, Imad Khamis, inici\u00f3 una visita a la provincia sure\u00f1a de Deraa, liberada recientemente del terrorismo.<\/p>\n<p>Durante una reuni\u00f3n de la delegaci\u00f3n con los representantes populares y sociales en la provincia, se decidi\u00f3 elaborar un nuevo plan urban\u00edstico para la cabecera provincial dentro de un periodo de seis meses, adem\u00e1s de la rehabilitaci\u00f3n de las escuelas y los centros culturales, y desarrollar un plan para la recuperaci\u00f3n del sector agr\u00edcola.<\/p>\n<p>El Primer Ministro explic\u00f3 que la visita tiene como objetivo desarrollar un plan integrado para superar los efectos de la guerra terrorista en todos los sectores, adem\u00e1s de restaurar los servicios y levantar los recursos econ\u00f3micos y humanos.<\/p>\n<p>A\u00f1adi\u00f3 que el Gobierno est\u00e1 decidido a impulsar el proceso de producci\u00f3n en la provincia de acuerdo a una visi\u00f3n basada en la inversi\u00f3n \u00f3ptima de cada pulgada de tierra agr\u00edcola mediante el apoyo al sector agr\u00edcola y la reactivaci\u00f3n de las industrias agr\u00edcolas.<\/p>\n<p>El ministro de Administraci\u00f3n Municipal y Medio Ambiente, Hussein Makhlouf, dijo que se aprob\u00f3 un presupuesto para reparar los veh\u00edculos gubernamentales da\u00f1ados y comprar unos nuevos para reforzar el sector de limpieza.<\/p>\n<p>A su vez, entre el Ministro de Recursos H\u00eddricos, Nabil Al-Hassan, dijo que se han perforado 12 pozos para resolver el problema de la escasez del agua, y agreg\u00f3 que actualmente se est\u00e1 trabajando en la ejecuci\u00f3n del proyecto de la planta de bombeo de agua en Khirbet Ghazaleh a un costo estimado de casi tres millones de d\u00f3lares, y que tendr\u00e1 capacidad de bombear 320 metros c\u00fabicos de agua por hora y satisfacer las necesidades de la provincia.<\/p>\n<p>Revel\u00f3 adem\u00e1s, que desde la liberaci\u00f3n de la provincia del terrorismo se rehabilitaron 75 pozos para agua potable y cinco plantas de bombeo.<\/p>\n<p>Por su parte, el Ministro de Electricidad, Mohamed Zuhair Kharbotli, se\u00f1al\u00f3 que se han asignado 16 millones de d\u00f3lares para la rehabilitaci\u00f3n del sistema el\u00e9ctrico en la provincia de Deraa.<\/p>\n<p><span style=\"color: #0000ff;\">10 mil voluntarios participan en la restauraci\u00f3n del casco antiguo de Alepo<\/span><\/p>\n<p>10 mil voluntarios participan en la campa\u00f1a SAWA (Juntos) encaminada a levantar los escombros y borrar las consecuencias de la destrucci\u00f3n causada por el terrorismo, en los barrios, zocos y callejones de la antigua ciudad de Alepo.<\/p>\n<p>La iniciativa es patrocinada por la Uni\u00f3n Nacional de Estudiantes Sirios en Alepo, la Uni\u00f3n de Juventud Revolucionaria y varias asociaciones locales y civiles.<\/p>\n<p>Omar Alarub, Presidente de la Oficina de Voluntariado de la Uni\u00f3n Nacional de Estudiantes Sirios, dijo que la campa\u00f1a empez\u00f3 en Alepo a mediados de este mes, y es la tercera etapa de la Iniciativa \u201cJuntos, Siria vuelve m\u00e1s linda\u201d, explicando que la primera y segunda etapa fueron llevadas a cabo en Ghouta Oriental y Zabadani.<\/p>\n<p>Uno de los voluntarios manifest\u00f3 que la campa\u00f1a tiene el objetivo de sacudir el polvo de las zonas afectadas por la guerra y el terrorismo, y devolver estas \u00e1reas como estaban antes de la guerra, adem\u00e1s de ayudar a los damnificados en las obras de restaurar sus propiedades da\u00f1adas<\/p>\n<p>La campa\u00f1a abarca el casco antiguo de Alepo, el muro de la Universidad de Alepo, los parques, escuelas, calles principales y varios sitios arqueol\u00f3gicos.<\/p>\n<p><span style=\"color: #0000ff;\">Miles de civiles vuelven a sus hogares en Dareya al sur de Damasco<\/span><\/p>\n<p>Miles de civiles han comenzado hoy a regresar a sus hogares en la ciudad de Dareya, en el sur de la capital Damasco.<\/p>\n<p>La urbe fue liberada del terrorismo a finales de agosto del 2016, y la vuelta de los civiles a sus casas forma parte de los esfuerzos del gobierno para garantizar el retorno de los desplazados a sus pueblos y ciudades despu\u00e9s de su liberaci\u00f3n del terrorismo.<\/p>\n<p>Fuentes en la Gobernaci\u00f3n de Damasco-campo aseguraron que los equipos han trabajando durante m\u00e1s de un a\u00f1o para asegurar las condiciones adecuadas y los servicios b\u00e1sicos necesarios para que los ciudadanos puedan reanudar su vida con plena normalidad.<\/p>\n<p>Asimismo, fueron rehabilitadas las calles, las carreteras, las escuelas y las sedes de las instituciones gubernamentales.<\/p>\n<p>El alcalde de Dareya, Abdul Qader Al Amin, dijo se ha trabajado durante el \u00faltimo per\u00edodo para levantar y remover los escombros de las calles, y rehabilitar las redes de alcantarillado, agua potable, electricidad y telefon\u00eda.<\/p>\n<p><span style=\"color: #0000ff;\">Al-Amin revel\u00f3 que hasta el momento ya cuatro escuelas est\u00e1n listas que incluye 80 aulas.<\/span><\/p>\n<p>Dareya fue hasta 2015, la punta de lanza de la gran batalla que lanzaron los terroristas contra Damasco debido a su cercan\u00eda, 6 km del centro de Damasco.<\/p>\n<p><span style=\"color: #0000ff;\">F. Marouf\/ Dr. A. Shaban<\/span><\/p>\n","protected":false},"excerpt":{"rendered":"<p>Damasco, SANA Siria est\u00e1 viviendo actualmente una fase de recuperaci\u00f3n y reconstrucci\u00f3n tras la liberaci\u00f3n de casi todo el territorio nacional del terrorismo. Varios eventos econ\u00f3micos se celebraron en Siria la semana pasada, de los cuales mencionamos: M\u00e1s de 350 instalaciones industriales entran en fase de producci\u00f3n en primera mitad del 2018 376 instalaciones y &hellip;<\/p>\n","protected":false},"author":1,"featured_media":87077,"comment_status":"closed","ping_status":"closed","sticky":false,"template":"","format":"standard","meta":{"footnotes":""},"categories":[597,485,476,583,7541],"tags":[12503],"class_list":["post-88177","post","type-post","status-publish","format-standard","has-post-thumbnail","","category-cinta-de-noticias","category-informes-negocios-y-finanzas","category-locales","category-slide","category-ultimas-noticias","tag-siria-se-recupera-y-empieza-fase-de-reconstruccion"],"_links":{"self":[{"href":"https:\/\/archive.sana.sy\/es\/index.php?rest_route=\/wp\/v2\/posts\/88177"}],"collection":[{"href":"https:\/\/archive.sana.sy\/es\/index.php?rest_route=\/wp\/v2\/posts"}],"about":[{"href":"https:\/\/archive.sana.sy\/es\/index.php?rest_route=\/wp\/v2\/types\/post"}],"author":[{"embeddable":true,"href":"https:\/\/archive.sana.sy\/es\/index.php?rest_route=\/wp\/v2\/users\/1"}],"replies":[{"embeddable":true,"href":"https:\/\/archive.sana.sy\/es\/index.php?rest_route=%2Fwp%2Fv2%2Fcomments&post=88177"}],"version-history":[{"count":0,"href":"https:\/\/archive.sana.sy\/es\/index.php?rest_route=\/wp\/v2\/posts\/88177\/revisions"}],"wp:featuredmedia":[{"embeddable":true,"href":"https:\/\/archive.sana.sy\/es\/index.php?rest_route=\/wp\/v2\/media\/87077"}],"wp:attachment":[{"href":"https:\/\/archive.sana.sy\/es\/index.php?rest_route=%2Fwp%2Fv2%2Fmedia&parent=88177"}],"wp:term":[{"taxonomy":"category","embeddable":true,"href":"https:\/\/archive.sana.sy\/es\/index.php?rest_route=%2Fwp%2Fv2%2Fcategories&post=88177"},{"taxonomy":"post_tag","embeddable":true,"href":"https:\/\/archive.sana.sy\/es\/index.php?rest_route=%2Fwp%2Fv2%2Ftags&post=88177"}],"curies":[{"name":"wp","href":"https:\/\/api.w.org\/{rel}","templated":true}]}}