{"id":88193,"date":"2018-08-30T10:04:49","date_gmt":"2018-08-30T07:04:49","guid":{"rendered":"https:\/\/www.sana.sy\/es\/?p=88193"},"modified":"2018-08-30T13:05:16","modified_gmt":"2018-08-30T10:05:16","slug":"companias-indias-participaran-en-la-feria-internacional-de-damasco","status":"publish","type":"post","link":"https:\/\/archive.sana.sy\/es\/?p=88193","title":{"rendered":"Compa\u00f1\u00edas indias participar\u00e1n en la Feria Internacional de Damasco"},"content":{"rendered":"<p><span style=\"color: #800000;\">Nueva Delhi, SANA<\/span><\/p>\n<p>Representantes de varias compa\u00f1\u00edas indias expresaron su deseo de participar en la 60 edici\u00f3n de la Feria Internacional de Damasco que tendr\u00e1 lugar del 6 al 15 de septiembre pr\u00f3ximo.<\/p>\n<p>Kishor Raspasual, director de la fundaci\u00f3n Raspasual para Salud y Cuidado, confirm\u00f3 que participar\u00e1 en la Feria y presidir\u00e1 una delegaci\u00f3n de 15 empresas indias de todas las disciplinas en medicina, hospitales, infraestructura, industria pesada, tecnolog\u00eda de la informaci\u00f3n, industria del cuero y t\u00e9.<\/p>\n<p>Raspasual invit\u00f3 a las empresas indias a participar en la Feria.<\/p>\n<p>A su vez, Brigg Saberwal, director de la compa\u00f1\u00eda (S O S) para los dispositivos m\u00e9dicos expres\u00f3 su intenci\u00f3n de participar en la Feria adem\u00e1s de su deseo de conocer el mercado sirio y lo que necesita de suministros m\u00e9dicos.<\/p>\n<p>Un alto n\u00famero de compa\u00f1\u00edas privadas y gubernamentales indias participar\u00e1n en la Feria Internacional de Damasco y se prev\u00e9 que el pabell\u00f3n indio sea m\u00e1s grande este a\u00f1o, teniendo en cuenta que el gobierno indio alent\u00f3 a las compa\u00f1\u00edas a participar y contribuir a la construcci\u00f3n de proyectos.<\/p>\n<p>La Feria coincide con la celebraci\u00f3n de las reuniones de la Comisi\u00f3n Conjunto Sirio-india, donde se espera que la ministra india de Exteriores, Sushma Swaraj, presida su delegaci\u00f3n en las conversaciones el d\u00eda 9 del mes pr\u00f3ximo.<\/p>\n<p><span style=\"color: #0000ff;\">Ammar H.\/ F. Marouf<\/span><\/p>\n","protected":false},"excerpt":{"rendered":"<p>Nueva Delhi, SANA Representantes de varias compa\u00f1\u00edas indias expresaron su deseo de participar en la 60 edici\u00f3n de la Feria Internacional de Damasco que tendr\u00e1 lugar del 6 al 15 de septiembre pr\u00f3ximo. Kishor Raspasual, director de la fundaci\u00f3n Raspasual para Salud y Cuidado, confirm\u00f3 que participar\u00e1 en la Feria y presidir\u00e1 una delegaci\u00f3n de &hellip;<\/p>\n","protected":false},"author":1,"featured_media":88194,"comment_status":"closed","ping_status":"closed","sticky":false,"template":"","format":"standard","meta":{"footnotes":""},"categories":[597,476,7541],"tags":[12507],"class_list":["post-88193","post","type-post","status-publish","format-standard","has-post-thumbnail","","category-cinta-de-noticias","category-locales","category-ultimas-noticias","tag-companias-indias-participaran-en-la-feria-internacional-de-damasco"],"_links":{"self":[{"href":"https:\/\/archive.sana.sy\/es\/index.php?rest_route=\/wp\/v2\/posts\/88193"}],"collection":[{"href":"https:\/\/archive.sana.sy\/es\/index.php?rest_route=\/wp\/v2\/posts"}],"about":[{"href":"https:\/\/archive.sana.sy\/es\/index.php?rest_route=\/wp\/v2\/types\/post"}],"author":[{"embeddable":true,"href":"https:\/\/archive.sana.sy\/es\/index.php?rest_route=\/wp\/v2\/users\/1"}],"replies":[{"embeddable":true,"href":"https:\/\/archive.sana.sy\/es\/index.php?rest_route=%2Fwp%2Fv2%2Fcomments&post=88193"}],"version-history":[{"count":0,"href":"https:\/\/archive.sana.sy\/es\/index.php?rest_route=\/wp\/v2\/posts\/88193\/revisions"}],"wp:featuredmedia":[{"embeddable":true,"href":"https:\/\/archive.sana.sy\/es\/index.php?rest_route=\/wp\/v2\/media\/88194"}],"wp:attachment":[{"href":"https:\/\/archive.sana.sy\/es\/index.php?rest_route=%2Fwp%2Fv2%2Fmedia&parent=88193"}],"wp:term":[{"taxonomy":"category","embeddable":true,"href":"https:\/\/archive.sana.sy\/es\/index.php?rest_route=%2Fwp%2Fv2%2Fcategories&post=88193"},{"taxonomy":"post_tag","embeddable":true,"href":"https:\/\/archive.sana.sy\/es\/index.php?rest_route=%2Fwp%2Fv2%2Ftags&post=88193"}],"curies":[{"name":"wp","href":"https:\/\/api.w.org\/{rel}","templated":true}]}}