{"id":88256,"date":"2018-08-31T13:25:27","date_gmt":"2018-08-31T10:25:27","guid":{"rendered":"https:\/\/www.sana.sy\/es\/?p=88256"},"modified":"2023-01-10T15:10:31","modified_gmt":"2023-01-10T13:10:31","slug":"al-mualem-y-borisov-examinan-desarrollar-las-relaciones-entre-siria-y-rusia-hasta-llegar-a-una-asociacion-estrategica-sostenible","status":"publish","type":"post","link":"https:\/\/archive.sana.sy\/es\/?p=88256","title":{"rendered":"Al-Mualem y Borisov examinan desarrollar las relaciones entre Siria y Rusia hasta llegar a una asociaci\u00f3n estrat\u00e9gica sostenible"},"content":{"rendered":"<p><span style=\"color: #800000;\">Mosc\u00fa, SANA<\/span><\/p>\n<p>El vicepresidente del Consejo de Ministros y ministro de Exteriores y Expatriados, Walid al-Mualem, jefe de la parte siria en la Comisi\u00f3n Intergubernamental Sirio-rusa Conjunta para la Cooperaci\u00f3n Econ\u00f3mico-comercial y Cient\u00edfico-t\u00e9cnica examin\u00f3 con Yuri Borisov viceprimer ministro de Rusia y presidente de la parte rusa en la Comisi\u00f3n las v\u00edas de desarrollar las relaciones de cooperaci\u00f3n entre Siria y Rusia en los diversos \u00e1mbitos elev\u00e1ndolas al nivel de las distinguidas relaciones pol\u00edticas hasta llegar a una asociaci\u00f3n estrat\u00e9gica sostenible entre ambos pa\u00edses.<\/p>\n<p>Durante su encuentro con Borisov en Mosc\u00fa al-Mualem expres\u00f3 el aprecio de Siria al apoyo ruso continuo en la lucha antiterrorista y que Siria aspira a que la Federaci\u00f3n Rusa contribuya al proceso de reconstrucci\u00f3n lo cual constituye una oportunidad singular para las empresas rusas para invertir en los diversos sectores en Siria.<\/p>\n<p>Por su parte Borisov manifest\u00f3 el inter\u00e9s del Gobierno y las empresas rusas en contribuir al relanzamiento del proceso productivo en Siria y materializar la recuperaci\u00f3n econ\u00f3mica despu\u00e9s del triunfo militar.<\/p>\n<p><span style=\"color: #0000ff;\">Riad Sh.\/ Dr. A. Shaban<\/span><\/p>\n","protected":false},"excerpt":{"rendered":"<p>Mosc\u00fa, SANA El vicepresidente del Consejo de Ministros y ministro de Exteriores y Expatriados, Walid al-Mualem, jefe de la parte siria en la Comisi\u00f3n Intergubernamental Sirio-rusa Conjunta para la Cooperaci\u00f3n Econ\u00f3mico-comercial y Cient\u00edfico-t\u00e9cnica examin\u00f3 con Yuri Borisov viceprimer ministro de Rusia y presidente de la parte rusa en la Comisi\u00f3n las v\u00edas de desarrollar las &hellip;<\/p>\n","protected":false},"author":1,"featured_media":88257,"comment_status":"closed","ping_status":"closed","sticky":false,"template":"","format":"standard","meta":{"footnotes":""},"categories":[597,485,467,583],"tags":[12519],"class_list":["post-88256","post","type-post","status-publish","format-standard","has-post-thumbnail","","category-cinta-de-noticias","category-informes-negocios-y-finanzas","category-siria-y-el-mundo","category-slide","tag-al-mualem-y-borisov-examinan-desarrollar-las-relaciones-entre-siria-y-rusia-hasta-llegar-a-una-asociacion-estrategica-sostenible"],"_links":{"self":[{"href":"https:\/\/archive.sana.sy\/es\/index.php?rest_route=\/wp\/v2\/posts\/88256"}],"collection":[{"href":"https:\/\/archive.sana.sy\/es\/index.php?rest_route=\/wp\/v2\/posts"}],"about":[{"href":"https:\/\/archive.sana.sy\/es\/index.php?rest_route=\/wp\/v2\/types\/post"}],"author":[{"embeddable":true,"href":"https:\/\/archive.sana.sy\/es\/index.php?rest_route=\/wp\/v2\/users\/1"}],"replies":[{"embeddable":true,"href":"https:\/\/archive.sana.sy\/es\/index.php?rest_route=%2Fwp%2Fv2%2Fcomments&post=88256"}],"version-history":[{"count":0,"href":"https:\/\/archive.sana.sy\/es\/index.php?rest_route=\/wp\/v2\/posts\/88256\/revisions"}],"wp:featuredmedia":[{"embeddable":true,"href":"https:\/\/archive.sana.sy\/es\/index.php?rest_route=\/wp\/v2\/media\/88257"}],"wp:attachment":[{"href":"https:\/\/archive.sana.sy\/es\/index.php?rest_route=%2Fwp%2Fv2%2Fmedia&parent=88256"}],"wp:term":[{"taxonomy":"category","embeddable":true,"href":"https:\/\/archive.sana.sy\/es\/index.php?rest_route=%2Fwp%2Fv2%2Fcategories&post=88256"},{"taxonomy":"post_tag","embeddable":true,"href":"https:\/\/archive.sana.sy\/es\/index.php?rest_route=%2Fwp%2Fv2%2Ftags&post=88256"}],"curies":[{"name":"wp","href":"https:\/\/api.w.org\/{rel}","templated":true}]}}