{"id":88259,"date":"2018-08-31T14:10:41","date_gmt":"2018-08-31T11:10:41","guid":{"rendered":"https:\/\/www.sana.sy\/es\/?p=88259"},"modified":"2018-08-31T15:57:58","modified_gmt":"2018-08-31T12:57:58","slug":"el-ejercito-destruye-fortificaciones-de-los-terroristas-del-daesh-en-las-colinas-de-safa-en-el-despoblado-de-suwaida","status":"publish","type":"post","link":"https:\/\/archive.sana.sy\/es\/?p=88259","title":{"rendered":"El Ej\u00e9rcito destruye fortificaciones de los terroristas del Daesh en las colinas de Safa en el despoblado de Suwaida"},"content":{"rendered":"<p><span style=\"color: #800000;\">Suwaida, SANA <\/span><\/p>\n<p>Unidades del Ej\u00e9rcito \u00c1rabe Sirio efectuaron andanadas de fuego contra fortificaciones de la organizaci\u00f3n Daesh en la zona de las colinas de Safa en el campo de Suwaida y les infligieron p\u00e9rdidas en personal y pertrechos al tiempo que las fuerzas coligadas frustraron el intento de un grupo terrorista de romper el cerco y fugarse hacia la zona de al-Tenf cerca de la frontera con Irak.<\/p>\n<p><span style=\"color: #0000ff;\">Riad Sh.\/ \u00a0Dr. A. Shaban<\/span><\/p>\n","protected":false},"excerpt":{"rendered":"<p>Suwaida, SANA Unidades del Ej\u00e9rcito \u00c1rabe Sirio efectuaron andanadas de fuego contra fortificaciones de la organizaci\u00f3n Daesh en la zona de las colinas de Safa en el campo de Suwaida y les infligieron p\u00e9rdidas en personal y pertrechos al tiempo que las fuerzas coligadas frustraron el intento de un grupo terrorista de romper el cerco &hellip;<\/p>\n","protected":false},"author":1,"featured_media":88260,"comment_status":"closed","ping_status":"closed","sticky":false,"template":"","format":"standard","meta":{"footnotes":""},"categories":[597,573,476,7541],"tags":[12520],"class_list":["post-88259","post","type-post","status-publish","format-standard","has-post-thumbnail","","category-cinta-de-noticias","category-la-realidad-de-los-acontecimientos-en-siria","category-locales","category-ultimas-noticias","tag-el-ejercito-destruye-fortificaciones-de-los-terroristas-del-daesh-en-las-colinas-de-safa-en-el-despoblado-de-suwaida"],"_links":{"self":[{"href":"https:\/\/archive.sana.sy\/es\/index.php?rest_route=\/wp\/v2\/posts\/88259"}],"collection":[{"href":"https:\/\/archive.sana.sy\/es\/index.php?rest_route=\/wp\/v2\/posts"}],"about":[{"href":"https:\/\/archive.sana.sy\/es\/index.php?rest_route=\/wp\/v2\/types\/post"}],"author":[{"embeddable":true,"href":"https:\/\/archive.sana.sy\/es\/index.php?rest_route=\/wp\/v2\/users\/1"}],"replies":[{"embeddable":true,"href":"https:\/\/archive.sana.sy\/es\/index.php?rest_route=%2Fwp%2Fv2%2Fcomments&post=88259"}],"version-history":[{"count":0,"href":"https:\/\/archive.sana.sy\/es\/index.php?rest_route=\/wp\/v2\/posts\/88259\/revisions"}],"wp:featuredmedia":[{"embeddable":true,"href":"https:\/\/archive.sana.sy\/es\/index.php?rest_route=\/wp\/v2\/media\/88260"}],"wp:attachment":[{"href":"https:\/\/archive.sana.sy\/es\/index.php?rest_route=%2Fwp%2Fv2%2Fmedia&parent=88259"}],"wp:term":[{"taxonomy":"category","embeddable":true,"href":"https:\/\/archive.sana.sy\/es\/index.php?rest_route=%2Fwp%2Fv2%2Fcategories&post=88259"},{"taxonomy":"post_tag","embeddable":true,"href":"https:\/\/archive.sana.sy\/es\/index.php?rest_route=%2Fwp%2Fv2%2Ftags&post=88259"}],"curies":[{"name":"wp","href":"https:\/\/api.w.org\/{rel}","templated":true}]}}