{"id":88312,"date":"2018-09-02T09:01:59","date_gmt":"2018-09-02T06:01:59","guid":{"rendered":"https:\/\/www.sana.sy\/es\/?p=88312"},"modified":"2023-01-10T15:35:04","modified_gmt":"2023-01-10T13:35:04","slug":"destacadas-noticias-de-la-recuperacion-de-siria-durante-la-ultima-semana-4","status":"publish","type":"post","link":"https:\/\/archive.sana.sy\/es\/?p=88312","title":{"rendered":"Destacadas noticias de la recuperaci\u00f3n de Siria durante la \u00faltima semana"},"content":{"rendered":"<p><span style=\"color: #800000;\">Damasco, SANA<\/span><\/p>\n<p>Siria est\u00e1 viviendo actualmente una fase de recuperaci\u00f3n y reconstrucci\u00f3n tras la liberaci\u00f3n de casi todo el territorio nacional del terrorismo:<\/p>\n<p><span style=\"color: #0000ff;\">Cuatro millones de ni\u00f1os sirios inician el a\u00f1o escolar 2018-2019<\/span><\/p>\n<p>Cuatro millones de estudiantes han iniciado este domingo, 2 de septiembre, el nuevo a\u00f1o escolar.<\/p>\n<p>El Viceministro de Educaci\u00f3n, Said Khorasani, inform\u00f3 que el n\u00famero de alumnos en la etapa de Educaci\u00f3n B\u00e1sica (de primer a noveno grado) es tres millones 365 mil estudiantes, mientras que el n\u00famero de estudiantes de Educaci\u00f3n Secundaria (de d\u00e9cimo a doce grado) ascendi\u00f3 a 420 mil que cursan en escuelas con planes escolares cient\u00edficos, literarios, industriales, comerciales, y de artes femeninas.<\/p>\n<p>En preparaci\u00f3n para el inicio del nuevo a\u00f1o escolar, el Ministerio de Educaci\u00f3n trabaj\u00f3 durante el \u00faltimo per\u00edodo para la reparaci\u00f3n y rehabilitaci\u00f3n de las escuelas en las zonas liberadas del terrorismo.<\/p>\n<p>Khorasani dijo que 14 mil escuelas est\u00e1n listas para recibir a los estudiantes sirios, y revel\u00f3 que el n\u00famero total de escuelas que han sido rehabilitadas desde el inicio de la guerra en 2011 hasta el momento ascendi\u00f3 a 5000 escuelas, mientras 785 escuelas fueron rehabilitadas desde el comienzo de este a\u00f1o.<\/p>\n<p>El viceministro sirio agreg\u00f3 que &#8220;el n\u00famero total de maestros y docentes en el Ministerio de Educaci\u00f3n supera los 300 mil, y s\u00f3lo este a\u00f1o fueron asignados 30 mil maestros nuevos.<\/p>\n<p><span style=\"color: #0000ff;\">Rehabilitan m\u00e1s de 500 escuelas en Alepo y su campo.<\/span><\/p>\n<p>El Departamento de Educaci\u00f3n de Alepo complet\u00f3 sus preparativos para recibir al nuevo a\u00f1o docente a trav\u00e9s de la reparaci\u00f3n y rehabilitaci\u00f3n de los colegios y la distribuci\u00f3n del personal docente y el aseguramiento de libros escolares.<\/p>\n<p>En un comunicado, el Departamento inform\u00f3 que unas 500 escuelas de las diferentes etapas de ense\u00f1anza b\u00e1sica han sido sometidas a rehabilitaci\u00f3n y restauraci\u00f3n y est\u00e1n listas para recibir a los alumnos a partir de este 2 de septiembre, fecha de inicio del curso escolar.<\/p>\n<p>En la informaci\u00f3n se precis\u00f3 que fueron completados el personal docente y el aseguramiento de los textos escolares, luego de una intensa labor desarrollada pocos d\u00edas despu\u00e9s de la liberaci\u00f3n de la ciudad de los grupos terroristas en 2016.<\/p>\n<p><span style=\"color: #0000ff;\">Gobierno aprueba plan integral para la reconstrucci\u00f3n de Deraa<\/span><\/p>\n<p>Una delegaci\u00f3n gubernamental conformada por ocho ministros y encabezada por el primer ministro, Imad Khamis, inici\u00f3 una visita a la provincia sure\u00f1a de Deraa, liberada recientemente del terrorismo.<\/p>\n<p>Durante una reuni\u00f3n de la delegaci\u00f3n con los representantes populares y sociales en la provincia, se decidi\u00f3 elaborar un nuevo plan urban\u00edstico para la cabecera provincial dentro de un periodo de seis meses, adem\u00e1s de la rehabilitaci\u00f3n de las escuelas y los centros culturales, y desarrollar un plan para la recuperaci\u00f3n del sector agr\u00edcola.<\/p>\n<p>El Primer Ministro explic\u00f3 que la visita tiene como objetivo desarrollar un plan integrado para superar los efectos de la guerra terrorista en todos los sectores, adem\u00e1s de restaurar los servicios y levantar los recursos econ\u00f3micos y humanos.<\/p>\n<p>A\u00f1adi\u00f3 que el Gobierno est\u00e1 decidido a impulsar el proceso de producci\u00f3n en la provincia de acuerdo a una visi\u00f3n basada en la inversi\u00f3n \u00f3ptima de cada pulgada de tierra agr\u00edcola mediante el apoyo al sector agr\u00edcola y la reactivaci\u00f3n de las industrias agr\u00edcolas.<\/p>\n<p>El ministro de Administraci\u00f3n Municipal y Medio Ambiente, Hussein Makhlouf, dijo que se aprob\u00f3 un presupuesto para reparar los veh\u00edculos gubernamentales da\u00f1ados y comprar unos nuevos para reforzar el sector de limpieza.<\/p>\n<p>A su vez, entre el Ministro de Recursos H\u00eddricos, Nabil Al-Hassan, dijo que se han perforado 12 pozos para resolver el problema de la escasez del agua, y agreg\u00f3 que actualmente se est\u00e1 trabajando en la ejecuci\u00f3n del proyecto de la planta de bombeo de agua en Khirbet Ghazaleh a un costo estimado de casi tres millones de d\u00f3lares, y que tendr\u00e1 capacidad de bombear 320 metros c\u00fabicos de agua por hora y satisfacer las necesidades de la provincia.<\/p>\n<p>Revel\u00f3 adem\u00e1s, que desde la liberaci\u00f3n de la provincia del terrorismo se rehabilitaron 75 pozos para agua potable y cinco plantas de bombeo.<\/p>\n<p>Por su parte, el Ministro de Electricidad, Mohamed Zuhair Kharbotli, se\u00f1al\u00f3 que se han asignado 16 millones de d\u00f3lares para la rehabilitaci\u00f3n del sistema el\u00e9ctrico en la provincia de Deraa.<\/p>\n<p><span style=\"color: #0000ff;\">El comercio entre Rusia y Siria crece en un 25% en 2018.<\/span><\/p>\n<p>El vice primer ministro de Rusia, Yuri Bor\u00edsov, destac\u00f3 en un encuentro con el ministro sirio de Exteriores, Walid Mualem, que el comercio entre Mosc\u00fa y Damasco aument\u00f3 en 2018 en m\u00e1s de un 25%, alcanzando los 226,7 millones de d\u00f3lares.<\/p>\n<p>&#8220;Durante la reuni\u00f3n se subray\u00f3 que los \u00edndices comerciales entre los dos pa\u00edses est\u00e1n aumentando a pesar de la dif\u00edcil situaci\u00f3n pol\u00edtica y militar en Siria&#8221;, revel\u00f3 un comunicado del Gabinete ruso.<\/p>\n<p>El documento indica que los datos del Ministerio de Econom\u00eda de Rusia confirman &#8220;un crecimiento en m\u00e1s de un 25%, alcanzando los 226,7 millones de d\u00f3lares&#8221;.<\/p>\n<p>Se especific\u00f3 que el suministro de productos agr\u00edcolas sirios a Rusia aument\u00f3 en ese per\u00edodo en m\u00e1s de un 50%.<\/p>\n<p>&#8220;Fueron destacados los esfuerzos de Siria encaminados a brindar condiciones especiales a las compa\u00f1\u00edas rusas en su labor para el mercado local, as\u00ed como ciertos \u00e9xitos en la cooperaci\u00f3n industrial&#8221;, resalta el texto.<\/p>\n<p><span style=\"color: #0000ff;\">10 mil voluntarios participan en la restauraci\u00f3n del casco antiguo de Alepo<\/span><\/p>\n<p>10 mil voluntarios participan en la campa\u00f1a SAWA (Juntos) encaminada a levantar los escombros y borrar las consecuencias de la destrucci\u00f3n causada por el terrorismo, en los barrios, zocos y callejones de la antigua ciudad de Alepo.<\/p>\n<p>La iniciativa es patrocinada por la Uni\u00f3n Nacional de Estudiantes Sirios en Alepo, la Uni\u00f3n de Juventud Revolucionaria y varias asociaciones locales y civiles.<\/p>\n<p>Omar Alarub, Presidente de la Oficina de Voluntariado de la Uni\u00f3n Nacional de Estudiantes Sirios, dijo que la campa\u00f1a empez\u00f3 en Alepo a mediados de este mes, y es la tercera etapa de la Iniciativa \u201cJuntos, Siria vuelve m\u00e1s linda\u201d, explicando que la primera y segunda etapa fueron llevadas a cabo en Ghouta Oriental y Zabadani.<\/p>\n<p>Uno de los voluntarios manifest\u00f3 que la campa\u00f1a tiene el objetivo de sacudir el polvo de las zonas afectadas por la guerra y el terrorismo, y devolver estas \u00e1reas como estaban antes de la guerra, adem\u00e1s de ayudar a los damnificados en las obras de restaurar sus propiedades da\u00f1adas<\/p>\n<p>La campa\u00f1a abarca el casco antiguo de Alepo, el muro de la Universidad de Alepo, los parques, escuelas, calles principales y varios sitios arqueol\u00f3gicos.<\/p>\n<p><span style=\"color: #0000ff;\">Ministro sirio: se crean condiciones para retorno de civiles al pa\u00eds<\/span><\/p>\n<p>El ministro de Administraci\u00f3n Municipal y Ecolog\u00eda de Siria, Husein Majluf, dijo que las autoridades de Siria apoyan con todos los medios a su alcance el regreso de los civiles a sus lugares de origen.<\/p>\n<p>El titular sirio agreg\u00f3 que todas las garant\u00edas y las reglas del regreso fueron expuestas en un llamado de las autoridades a sus ciudadanos.<\/p>\n<p>Los representantes del Gobierno acordaron seguir un orden simplificado de entrega de los documentos de identidad a cada miembro de las familias, as\u00ed como de los documentos de propiedad.<\/p>\n<p>Seg\u00fan Majluf, en las zonas liberadas se reconstruyen adem\u00e1s edificios importantes de la infraestructura, en particular, anteriormente fueron reparados 109 edificios de vivienda, comenzaron a funcionar cuatro centros m\u00e9dicos, tres escuelas, una guarder\u00eda, una panader\u00eda y una estaci\u00f3n de bombeo de agua.<\/p>\n<p>El ministro sirio destac\u00f3 que &#8220;actualmente en 129 localidades se reconstruyen y se est\u00e1n arreglando 88 escuelas, 63 panader\u00edas, 68 estaciones de bombeo, 57 plantas el\u00e9ctricas, 59 establecimientos m\u00e9dicos y 638 edificios de vivienda\u201d.<\/p>\n<p><span style=\"color: #0000ff;\">Presidente Al-Assad decreta creaci\u00f3n de Facultad de Ciencias de Salud en la Universidad de Damasco.<\/span><\/p>\n<p>El presidente Bashar Al-Assad, emiti\u00f3 el Decreto No. 273 para el a\u00f1o 2018 el cual estipula la creaci\u00f3n de la Facultad de Ciencias de Salud en la Universidad de Damasco.<\/p>\n<p>Siria cuenta con siete universidad p\u00fablicas y m\u00e1s de 10 privadas, y la guerra terrorista no ha impedido que continuara el proceso docente en esas instituciones de educaci\u00f3n superior.<\/p>\n<p><span style=\"color: #0000ff;\">F. Marouf\/ Dr. A. Shaban<\/span><\/p>\n","protected":false},"excerpt":{"rendered":"<p>Damasco, SANA Siria est\u00e1 viviendo actualmente una fase de recuperaci\u00f3n y reconstrucci\u00f3n tras la liberaci\u00f3n de casi todo el territorio nacional del terrorismo: Cuatro millones de ni\u00f1os sirios inician el a\u00f1o escolar 2018-2019 Cuatro millones de estudiantes han iniciado este domingo, 2 de septiembre, el nuevo a\u00f1o escolar. El Viceministro de Educaci\u00f3n, Said Khorasani, inform\u00f3 &hellip;<\/p>\n","protected":false},"author":1,"featured_media":88319,"comment_status":"closed","ping_status":"closed","sticky":false,"template":"","format":"standard","meta":{"footnotes":""},"categories":[447,555,597,7541],"tags":[11860],"class_list":["post-88312","post","type-post","status-publish","format-standard","has-post-thumbnail","","category-local-politica","category-prensa","category-cinta-de-noticias","category-ultimas-noticias","tag-destacadas-noticias-de-la-recuperacion-de-siria-durante-la-ultima-semana"],"_links":{"self":[{"href":"https:\/\/archive.sana.sy\/es\/index.php?rest_route=\/wp\/v2\/posts\/88312"}],"collection":[{"href":"https:\/\/archive.sana.sy\/es\/index.php?rest_route=\/wp\/v2\/posts"}],"about":[{"href":"https:\/\/archive.sana.sy\/es\/index.php?rest_route=\/wp\/v2\/types\/post"}],"author":[{"embeddable":true,"href":"https:\/\/archive.sana.sy\/es\/index.php?rest_route=\/wp\/v2\/users\/1"}],"replies":[{"embeddable":true,"href":"https:\/\/archive.sana.sy\/es\/index.php?rest_route=%2Fwp%2Fv2%2Fcomments&post=88312"}],"version-history":[{"count":0,"href":"https:\/\/archive.sana.sy\/es\/index.php?rest_route=\/wp\/v2\/posts\/88312\/revisions"}],"wp:featuredmedia":[{"embeddable":true,"href":"https:\/\/archive.sana.sy\/es\/index.php?rest_route=\/wp\/v2\/media\/88319"}],"wp:attachment":[{"href":"https:\/\/archive.sana.sy\/es\/index.php?rest_route=%2Fwp%2Fv2%2Fmedia&parent=88312"}],"wp:term":[{"taxonomy":"category","embeddable":true,"href":"https:\/\/archive.sana.sy\/es\/index.php?rest_route=%2Fwp%2Fv2%2Fcategories&post=88312"},{"taxonomy":"post_tag","embeddable":true,"href":"https:\/\/archive.sana.sy\/es\/index.php?rest_route=%2Fwp%2Fv2%2Ftags&post=88312"}],"curies":[{"name":"wp","href":"https:\/\/api.w.org\/{rel}","templated":true}]}}