{"id":88382,"date":"2018-09-03T09:39:51","date_gmt":"2018-09-03T06:39:51","guid":{"rendered":"https:\/\/www.sana.sy\/es\/?p=88382"},"modified":"2018-09-03T10:46:20","modified_gmt":"2018-09-03T07:46:20","slug":"ghasemi-siria-logro-valiosa-victoria-contra-el-terrorismo","status":"publish","type":"post","link":"https:\/\/archive.sana.sy\/es\/?p=88382","title":{"rendered":"Ghasemi: Siria logr\u00f3 valiosa victoria contra el terrorismo"},"content":{"rendered":"<p><span style=\"color: #800000;\">Teher\u00e1n, SANA<\/span><\/p>\n<p>El portavoz del Ministerio de Exteriores iran\u00ed, Bahram Ghasemi, dijo que Siria logr\u00f3 una importante y valiosa victoria contra el terrorismo, indicando el Eje de Resistencia frenar\u00e1 siempre los complots estadounidenses y occidentales.<\/p>\n<p>En declaraciones difundidas el domingo, Ghasemi explic\u00f3 despu\u00e9s de a\u00f1os de derrotas infligidas a los terroristas en Siria, Irak y la regi\u00f3n, Estados Unidos y algunos pa\u00edses de la regi\u00f3n siguen apoyando al Daesh en un intento de debilitar el Estado sirio.<\/p>\n<p>Precis\u00f3 que EE.UU fracasar\u00e1 en hacer realidad sus planes porque Siria y la resistencia tienen fuerte voluntad para enfrentar las conspiraciones occidentales.<\/p>\n<p>Revel\u00f3 que la cumbre trilateral entre los presidente Putin, Rohani y Erdogan que se celebrar\u00e1 el d\u00eda siete de este mes en Teher\u00e1n, abordar\u00e1 principalmente la evoluci\u00f3n de la situaci\u00f3n en Siria y promover la cooperaci\u00f3n para lograr la paz y la seguridad.<\/p>\n<p><span style=\"color: #0000ff;\">F. Marouf\/ Ammar H.<\/span><\/p>\n","protected":false},"excerpt":{"rendered":"<p>Teher\u00e1n, SANA El portavoz del Ministerio de Exteriores iran\u00ed, Bahram Ghasemi, dijo que Siria logr\u00f3 una importante y valiosa victoria contra el terrorismo, indicando el Eje de Resistencia frenar\u00e1 siempre los complots estadounidenses y occidentales. En declaraciones difundidas el domingo, Ghasemi explic\u00f3 despu\u00e9s de a\u00f1os de derrotas infligidas a los terroristas en Siria, Irak y &hellip;<\/p>\n","protected":false},"author":1,"featured_media":88383,"comment_status":"closed","ping_status":"closed","sticky":false,"template":"","format":"standard","meta":{"footnotes":""},"categories":[597,467,7541],"tags":[12546],"class_list":["post-88382","post","type-post","status-publish","format-standard","has-post-thumbnail","","category-cinta-de-noticias","category-siria-y-el-mundo","category-ultimas-noticias","tag-ghasemi-siria-logro-valiosa-victoria-contra-el-terrorismo"],"_links":{"self":[{"href":"https:\/\/archive.sana.sy\/es\/index.php?rest_route=\/wp\/v2\/posts\/88382"}],"collection":[{"href":"https:\/\/archive.sana.sy\/es\/index.php?rest_route=\/wp\/v2\/posts"}],"about":[{"href":"https:\/\/archive.sana.sy\/es\/index.php?rest_route=\/wp\/v2\/types\/post"}],"author":[{"embeddable":true,"href":"https:\/\/archive.sana.sy\/es\/index.php?rest_route=\/wp\/v2\/users\/1"}],"replies":[{"embeddable":true,"href":"https:\/\/archive.sana.sy\/es\/index.php?rest_route=%2Fwp%2Fv2%2Fcomments&post=88382"}],"version-history":[{"count":0,"href":"https:\/\/archive.sana.sy\/es\/index.php?rest_route=\/wp\/v2\/posts\/88382\/revisions"}],"wp:featuredmedia":[{"embeddable":true,"href":"https:\/\/archive.sana.sy\/es\/index.php?rest_route=\/wp\/v2\/media\/88383"}],"wp:attachment":[{"href":"https:\/\/archive.sana.sy\/es\/index.php?rest_route=%2Fwp%2Fv2%2Fmedia&parent=88382"}],"wp:term":[{"taxonomy":"category","embeddable":true,"href":"https:\/\/archive.sana.sy\/es\/index.php?rest_route=%2Fwp%2Fv2%2Fcategories&post=88382"},{"taxonomy":"post_tag","embeddable":true,"href":"https:\/\/archive.sana.sy\/es\/index.php?rest_route=%2Fwp%2Fv2%2Ftags&post=88382"}],"curies":[{"name":"wp","href":"https:\/\/api.w.org\/{rel}","templated":true}]}}