{"id":88385,"date":"2018-09-03T12:40:11","date_gmt":"2018-09-03T09:40:11","guid":{"rendered":"https:\/\/www.sana.sy\/es\/?p=88385"},"modified":"2018-09-03T12:40:11","modified_gmt":"2018-09-03T09:40:11","slug":"moscu-continuara-su-apoyo-a-siria-en-la-lucha-contra-el-terrorismo","status":"publish","type":"post","link":"https:\/\/archive.sana.sy\/es\/?p=88385","title":{"rendered":"Mosc\u00fa continuar\u00e1 su apoyo a Siria en la lucha contra el terrorismo"},"content":{"rendered":"<p><span style=\"color: #800000;\">Mosc\u00fa, SANA<\/span><\/p>\n<p>El Ministro de Exteriores de Rusia, Sergei Lavrov, reiter\u00f3 el apoyo de su pa\u00eds a Siria en la lucha contra el terrorismo y para alcanzar una soluci\u00f3n pol\u00edtica a la crisis, sobre la base de la Resoluci\u00f3n No. 2254 del Consejo de Seguridad de la ONU.<\/p>\n<p>En una alocuci\u00f3n en el Instituto de Relaciones Internacionales en Mosc\u00fa, Lavrov dijo que su pa\u00eds coopera con el estado sirio en la reconstrucci\u00f3n y le brindando asistencia para relanzar la econom\u00eda y reconstruir la infraestructura.<\/p>\n<p>Lavrov hizo hincapi\u00e9 en que Rusia est\u00e1 cooperando estrechamente con sus aliados en todo el mundo para lograr la seguridad y la estabilidad, y solucionar las crisis a base del di\u00e1logo.<\/p>\n<p>El canciller ruso indic\u00f3 que es inaceptable que la administraci\u00f3n estadounidense promueva pol\u00edticas hostiles contra Rusia y otros pa\u00edses, aclarando que Mosc\u00fa est\u00e1 abierta al di\u00e1logo con Estados Unidos y los pa\u00edses europeos sobre la base de la igualdad y respeto mutuo.<\/p>\n<p><span style=\"color: #0000ff;\">Ammar H.\/ F. Marouf<\/span><\/p>\n","protected":false},"excerpt":{"rendered":"<p>Mosc\u00fa, SANA El Ministro de Exteriores de Rusia, Sergei Lavrov, reiter\u00f3 el apoyo de su pa\u00eds a Siria en la lucha contra el terrorismo y para alcanzar una soluci\u00f3n pol\u00edtica a la crisis, sobre la base de la Resoluci\u00f3n No. 2254 del Consejo de Seguridad de la ONU. En una alocuci\u00f3n en el Instituto de &hellip;<\/p>\n","protected":false},"author":1,"featured_media":88386,"comment_status":"closed","ping_status":"closed","sticky":false,"template":"","format":"standard","meta":{"footnotes":""},"categories":[597,467,7541],"tags":[12547],"class_list":["post-88385","post","type-post","status-publish","format-standard","has-post-thumbnail","","category-cinta-de-noticias","category-siria-y-el-mundo","category-ultimas-noticias","tag-moscu-continuara-su-apoyo-a-siria-en-la-lucha-contra-el-terrorismo"],"_links":{"self":[{"href":"https:\/\/archive.sana.sy\/es\/index.php?rest_route=\/wp\/v2\/posts\/88385"}],"collection":[{"href":"https:\/\/archive.sana.sy\/es\/index.php?rest_route=\/wp\/v2\/posts"}],"about":[{"href":"https:\/\/archive.sana.sy\/es\/index.php?rest_route=\/wp\/v2\/types\/post"}],"author":[{"embeddable":true,"href":"https:\/\/archive.sana.sy\/es\/index.php?rest_route=\/wp\/v2\/users\/1"}],"replies":[{"embeddable":true,"href":"https:\/\/archive.sana.sy\/es\/index.php?rest_route=%2Fwp%2Fv2%2Fcomments&post=88385"}],"version-history":[{"count":0,"href":"https:\/\/archive.sana.sy\/es\/index.php?rest_route=\/wp\/v2\/posts\/88385\/revisions"}],"wp:featuredmedia":[{"embeddable":true,"href":"https:\/\/archive.sana.sy\/es\/index.php?rest_route=\/wp\/v2\/media\/88386"}],"wp:attachment":[{"href":"https:\/\/archive.sana.sy\/es\/index.php?rest_route=%2Fwp%2Fv2%2Fmedia&parent=88385"}],"wp:term":[{"taxonomy":"category","embeddable":true,"href":"https:\/\/archive.sana.sy\/es\/index.php?rest_route=%2Fwp%2Fv2%2Fcategories&post=88385"},{"taxonomy":"post_tag","embeddable":true,"href":"https:\/\/archive.sana.sy\/es\/index.php?rest_route=%2Fwp%2Fv2%2Ftags&post=88385"}],"curies":[{"name":"wp","href":"https:\/\/api.w.org\/{rel}","templated":true}]}}