{"id":88390,"date":"2018-09-03T17:34:17","date_gmt":"2018-09-03T14:34:17","guid":{"rendered":"https:\/\/www.sana.sy\/es\/?p=88390"},"modified":"2018-09-03T17:34:17","modified_gmt":"2018-09-03T14:34:17","slug":"el-kremlin-presidentes-de-los-paises-garantes-de-astana-discutiran-el-arreglo-de-la-crisis-en-siria","status":"publish","type":"post","link":"https:\/\/archive.sana.sy\/es\/?p=88390","title":{"rendered":"El Kremlin: presidentes de los pa\u00edses garantes de &#8220;Astana&#8221; discutir\u00e1n el arreglo de la crisis en Siria"},"content":{"rendered":"<p><span style=\"color: #800000;\">Mosc\u00fa-SANA<\/span><\/p>\n<p>La Presidencia rusa anunci\u00f3 que los presidentes de los pa\u00edses garantes del Acuerdo de Cesaci\u00f3n de las hostilidades en Siria discutir\u00e1n el viernes en Teher\u00e1n la forma de apoyar una soluci\u00f3n de la crisis.<\/p>\n<p>&#8220;El presidente ruso, Vladimir Putin, planea realizar una visita de trabajo a Ir\u00e1n el 7 de octubre para participar en la cumbre de los garantes del proceso de Astan\u00e1 para apoyar un arrelgo en Siria&#8221;, dijo Putin en un comunicado a la oficina de prensa presidencial citado por Sputnik.<\/p>\n<p>La declaraci\u00f3n se\u00f1al\u00f3 que el presidente Putin y el presidente iran\u00ed Hassan Ruhani y el jefe del r\u00e9gimen turco Recep Tayyip Erdogan pretenden discutir durante las conversaciones &#8220;considerar los esfuerzos ulteriores para lograr una soluci\u00f3n a largo plazo de la situaci\u00f3n en Siria&#8221;, y agreg\u00f3 que tambi\u00e9n est\u00e1 previsto celebrar una reuni\u00f3n bilateral entre el presidente Putin y Erdogan.<\/p>\n<p>Cabe destacar que el portavoz del Kremlin, Dmitry Peskov, dijo el viernes pasado que los preparativos estaban en marcha para la cumbre tripartita.<\/p>\n<p><span style=\"color: #0000ff;\">Ammar H.\/ Riad Sh.<\/span><\/p>\n","protected":false},"excerpt":{"rendered":"<p>Mosc\u00fa-SANA La Presidencia rusa anunci\u00f3 que los presidentes de los pa\u00edses garantes del Acuerdo de Cesaci\u00f3n de las hostilidades en Siria discutir\u00e1n el viernes en Teher\u00e1n la forma de apoyar una soluci\u00f3n de la crisis. &#8220;El presidente ruso, Vladimir Putin, planea realizar una visita de trabajo a Ir\u00e1n el 7 de octubre para participar en &hellip;<\/p>\n","protected":false},"author":1,"featured_media":88391,"comment_status":"closed","ping_status":"closed","sticky":false,"template":"","format":"standard","meta":{"footnotes":""},"categories":[597,467,7541],"tags":[12548],"class_list":["post-88390","post","type-post","status-publish","format-standard","has-post-thumbnail","","category-cinta-de-noticias","category-siria-y-el-mundo","category-ultimas-noticias","tag-el-kremlin-presidentes-de-los-paises-garantes-de-astana-discutiran-el-arreglo-de-la-crisis-en-siria"],"_links":{"self":[{"href":"https:\/\/archive.sana.sy\/es\/index.php?rest_route=\/wp\/v2\/posts\/88390"}],"collection":[{"href":"https:\/\/archive.sana.sy\/es\/index.php?rest_route=\/wp\/v2\/posts"}],"about":[{"href":"https:\/\/archive.sana.sy\/es\/index.php?rest_route=\/wp\/v2\/types\/post"}],"author":[{"embeddable":true,"href":"https:\/\/archive.sana.sy\/es\/index.php?rest_route=\/wp\/v2\/users\/1"}],"replies":[{"embeddable":true,"href":"https:\/\/archive.sana.sy\/es\/index.php?rest_route=%2Fwp%2Fv2%2Fcomments&post=88390"}],"version-history":[{"count":0,"href":"https:\/\/archive.sana.sy\/es\/index.php?rest_route=\/wp\/v2\/posts\/88390\/revisions"}],"wp:featuredmedia":[{"embeddable":true,"href":"https:\/\/archive.sana.sy\/es\/index.php?rest_route=\/wp\/v2\/media\/88391"}],"wp:attachment":[{"href":"https:\/\/archive.sana.sy\/es\/index.php?rest_route=%2Fwp%2Fv2%2Fmedia&parent=88390"}],"wp:term":[{"taxonomy":"category","embeddable":true,"href":"https:\/\/archive.sana.sy\/es\/index.php?rest_route=%2Fwp%2Fv2%2Fcategories&post=88390"},{"taxonomy":"post_tag","embeddable":true,"href":"https:\/\/archive.sana.sy\/es\/index.php?rest_route=%2Fwp%2Fv2%2Ftags&post=88390"}],"curies":[{"name":"wp","href":"https:\/\/api.w.org\/{rel}","templated":true}]}}