{"id":88399,"date":"2018-09-03T19:11:45","date_gmt":"2018-09-03T16:11:45","guid":{"rendered":"https:\/\/www.sana.sy\/es\/?p=88399"},"modified":"2018-09-03T19:11:45","modified_gmt":"2018-09-03T16:11:45","slug":"patrocinadores-extranjeros-suministraron-armas-de-ultima-generacion-a-terroristas-en-siria","status":"publish","type":"post","link":"https:\/\/archive.sana.sy\/es\/?p=88399","title":{"rendered":"Patrocinadores extranjeros suministraron armas de \u00faltima generaci\u00f3n a terroristas en Siria"},"content":{"rendered":"<p>Mosc\u00fa-SANA<\/p>\n<p>Los patrocinadores extranjeros suministraron armas de \u00faltima generaci\u00f3n, incluidos aviones teledirigidos, a terroristas en Siria a trav\u00e9s de empresas falsas, dijo el viceministro de Relaciones Exteriores Oleg Syromolotov, en un discurso a los participantes en una conferencia antiterrorista en Mosc\u00fa.<\/p>\n<p>&#8220;DAESH recibi\u00f3 un duro golpe en Siria, sin embargo los remanentes de esta organizaci\u00f3n terrorista llevan a cabo actos terroristas, Los terroristas no sufren de escasez de armas y municiones. Adem\u00e1s, usan armas de \u00faltima generaci\u00f3n, como DRONES. Evidentemente, ser\u00eda imposible sin patrocinadores extranjeros&#8221;, puntualiz\u00f3 el diplom\u00e1tico ruso.<\/p>\n<p>&#8220;La operaci\u00f3n antiterrorista en Siria ha expuesto numerosas pruebas sobre el suministros de diversas armas a terroristas por compa\u00f1\u00edas falsas a trav\u00e9s de terceros pa\u00edses&#8221;, agreg\u00f3.<\/p>\n<p>Y.K.<\/p>\n","protected":false},"excerpt":{"rendered":"<p>Mosc\u00fa-SANA Los patrocinadores extranjeros suministraron armas de \u00faltima generaci\u00f3n, incluidos aviones teledirigidos, a terroristas en Siria a trav\u00e9s de empresas falsas, dijo el viceministro de Relaciones Exteriores Oleg Syromolotov, en un discurso a los participantes en una conferencia antiterrorista en Mosc\u00fa. &#8220;DAESH recibi\u00f3 un duro golpe en Siria, sin embargo los remanentes de esta organizaci\u00f3n &hellip;<\/p>\n","protected":false},"author":1,"featured_media":88400,"comment_status":"closed","ping_status":"closed","sticky":false,"template":"","format":"standard","meta":{"footnotes":""},"categories":[467,7541],"tags":[],"class_list":["post-88399","post","type-post","status-publish","format-standard","has-post-thumbnail","","category-siria-y-el-mundo","category-ultimas-noticias"],"_links":{"self":[{"href":"https:\/\/archive.sana.sy\/es\/index.php?rest_route=\/wp\/v2\/posts\/88399"}],"collection":[{"href":"https:\/\/archive.sana.sy\/es\/index.php?rest_route=\/wp\/v2\/posts"}],"about":[{"href":"https:\/\/archive.sana.sy\/es\/index.php?rest_route=\/wp\/v2\/types\/post"}],"author":[{"embeddable":true,"href":"https:\/\/archive.sana.sy\/es\/index.php?rest_route=\/wp\/v2\/users\/1"}],"replies":[{"embeddable":true,"href":"https:\/\/archive.sana.sy\/es\/index.php?rest_route=%2Fwp%2Fv2%2Fcomments&post=88399"}],"version-history":[{"count":0,"href":"https:\/\/archive.sana.sy\/es\/index.php?rest_route=\/wp\/v2\/posts\/88399\/revisions"}],"wp:featuredmedia":[{"embeddable":true,"href":"https:\/\/archive.sana.sy\/es\/index.php?rest_route=\/wp\/v2\/media\/88400"}],"wp:attachment":[{"href":"https:\/\/archive.sana.sy\/es\/index.php?rest_route=%2Fwp%2Fv2%2Fmedia&parent=88399"}],"wp:term":[{"taxonomy":"category","embeddable":true,"href":"https:\/\/archive.sana.sy\/es\/index.php?rest_route=%2Fwp%2Fv2%2Fcategories&post=88399"},{"taxonomy":"post_tag","embeddable":true,"href":"https:\/\/archive.sana.sy\/es\/index.php?rest_route=%2Fwp%2Fv2%2Ftags&post=88399"}],"curies":[{"name":"wp","href":"https:\/\/api.w.org\/{rel}","templated":true}]}}