{"id":88469,"date":"2018-09-05T11:01:18","date_gmt":"2018-09-05T08:01:18","guid":{"rendered":"http:\/\/www.sana.sy\/es\/?p=88469"},"modified":"2023-01-10T15:10:30","modified_gmt":"2023-01-10T13:10:30","slug":"19-empresas-checas-anuncian-su-participacion-en-la-feria-internacional-de-damasco","status":"publish","type":"post","link":"https:\/\/archive.sana.sy\/es\/?p=88469","title":{"rendered":"19 empresas checas anuncian su participaci\u00f3n en la Feria Internacional de Damasco"},"content":{"rendered":"<p><span style=\"color: #800000;\">Praga, SANA<\/span><\/p>\n<p>Ha aumentado a 19 el n\u00famero de empresas checas que participan en la 60\u00aa Edici\u00f3n de la Feria Internacional de Damasco.<\/p>\n<p>El corresponsal de SANA en Praga asegur\u00f3 que el n\u00famero de empresas checas este a\u00f1o es el doble del registrado el a\u00f1o pasado.<\/p>\n<p>El director del Establecimiento General para Ferias y Mercados Internacionales, Firas Kerketli, hab\u00eda declarado que 48 pa\u00edses confirmaron su participaci\u00f3n, 23 de forma oficial y 25 a trav\u00e9s de compa\u00f1\u00edas, revelando que en esta edici\u00f3n participan nuevos pa\u00edses como Argentina, Macedonia y Osetia.<\/p>\n<p>Explic\u00f3 adem\u00e1s que 100 hombres de negocios participar\u00e1n en el Foro Econ\u00f3mico de Empresarios Sirios y Rusos que se celebrar\u00e1n en el marco de la Feria, adem\u00e1s de la participaci\u00f3n de cerca de 50 empresarios de la India y 43 hombres de negocios de Abjasia.<\/p>\n<p><span style=\"color: #0000ff;\">F. Marouf\/ Dr. A. Shaban<\/span><\/p>\n","protected":false},"excerpt":{"rendered":"<p>Praga, SANA Ha aumentado a 19 el n\u00famero de empresas checas que participan en la 60\u00aa Edici\u00f3n de la Feria Internacional de Damasco. El corresponsal de SANA en Praga asegur\u00f3 que el n\u00famero de empresas checas este a\u00f1o es el doble del registrado el a\u00f1o pasado. El director del Establecimiento General para Ferias y Mercados &hellip;<\/p>\n","protected":false},"author":1,"featured_media":88470,"comment_status":"closed","ping_status":"closed","sticky":false,"template":"","format":"standard","meta":{"footnotes":""},"categories":[597,485,7541],"tags":[12562],"class_list":["post-88469","post","type-post","status-publish","format-standard","has-post-thumbnail","","category-cinta-de-noticias","category-informes-negocios-y-finanzas","category-ultimas-noticias","tag-19-empresas-checas-anuncian-su-participacion-en-la-feria-internacional-de-damasco"],"_links":{"self":[{"href":"https:\/\/archive.sana.sy\/es\/index.php?rest_route=\/wp\/v2\/posts\/88469"}],"collection":[{"href":"https:\/\/archive.sana.sy\/es\/index.php?rest_route=\/wp\/v2\/posts"}],"about":[{"href":"https:\/\/archive.sana.sy\/es\/index.php?rest_route=\/wp\/v2\/types\/post"}],"author":[{"embeddable":true,"href":"https:\/\/archive.sana.sy\/es\/index.php?rest_route=\/wp\/v2\/users\/1"}],"replies":[{"embeddable":true,"href":"https:\/\/archive.sana.sy\/es\/index.php?rest_route=%2Fwp%2Fv2%2Fcomments&post=88469"}],"version-history":[{"count":0,"href":"https:\/\/archive.sana.sy\/es\/index.php?rest_route=\/wp\/v2\/posts\/88469\/revisions"}],"wp:featuredmedia":[{"embeddable":true,"href":"https:\/\/archive.sana.sy\/es\/index.php?rest_route=\/wp\/v2\/media\/88470"}],"wp:attachment":[{"href":"https:\/\/archive.sana.sy\/es\/index.php?rest_route=%2Fwp%2Fv2%2Fmedia&parent=88469"}],"wp:term":[{"taxonomy":"category","embeddable":true,"href":"https:\/\/archive.sana.sy\/es\/index.php?rest_route=%2Fwp%2Fv2%2Fcategories&post=88469"},{"taxonomy":"post_tag","embeddable":true,"href":"https:\/\/archive.sana.sy\/es\/index.php?rest_route=%2Fwp%2Fv2%2Ftags&post=88469"}],"curies":[{"name":"wp","href":"https:\/\/api.w.org\/{rel}","templated":true}]}}