{"id":88488,"date":"2018-09-06T10:00:54","date_gmt":"2018-09-06T07:00:54","guid":{"rendered":"http:\/\/www.sana.sy\/es\/?p=88488"},"modified":"2023-01-10T15:10:29","modified_gmt":"2023-01-10T13:10:29","slug":"la-feria-internacional-de-damasco-inaugurara-su-60-sesion-manana","status":"publish","type":"post","link":"https:\/\/archive.sana.sy\/es\/?p=88488","title":{"rendered":"Bajo patrocinio del presidente Al-Assad Feria Internacional de Damasco se inaugura hoy jueves"},"content":{"rendered":"<p><span style=\"color: #800000;\">Damasco-SANA<\/span><\/p>\n<p>Bajo patrocinio del presidente Bashar Al-Assad, la Feria Internacional de Damasco se inaugura la tarde de hoy jueves, bajo el lema: \u201cel Orgullo de Oriente empieza por Damasco\u201d.<\/p>\n<p>En la 60 edici\u00f3n de la Feria, participan 48 pa\u00edses y cientos de empresarios y compa\u00f1\u00edas locales, \u00e1rabes y extranjeras.<\/p>\n<p>La Feria considerada como uno de los eventos econ\u00f3micos y socioculturales m\u00e1s importantes de la regi\u00f3n, incluye actividades art\u00edsticas, conferencias econ\u00f3micas, exposiciones especializadas, as\u00ed como una serie de actividades de marketing y promociones por parte de participantes en diversos sectores, adem\u00e1s de centros de venta directa para ciudadanos.<\/p>\n<p>El director del Establecimiento General para Ferias y Mercados Internacionales, Firas Kerketli, hab\u00eda declarado que 48 pa\u00edses confirmaron su participaci\u00f3n, 23 de forma oficial y 25 a trav\u00e9s de compa\u00f1\u00edas, revelando que en esta edici\u00f3n participan nuevos pa\u00edses como Argentina, Macedonia y Osetia.<\/p>\n<p><span style=\"color: #0000ff;\">F. Marouf\/ Ammar H.<\/span><\/p>\n","protected":false},"excerpt":{"rendered":"<p>Damasco-SANA Bajo patrocinio del presidente Bashar Al-Assad, la Feria Internacional de Damasco se inaugura la tarde de hoy jueves, bajo el lema: \u201cel Orgullo de Oriente empieza por Damasco\u201d. En la 60 edici\u00f3n de la Feria, participan 48 pa\u00edses y cientos de empresarios y compa\u00f1\u00edas locales, \u00e1rabes y extranjeras. La Feria considerada como uno de &hellip;<\/p>\n","protected":false},"author":1,"featured_media":88489,"comment_status":"closed","ping_status":"closed","sticky":false,"template":"","format":"standard","meta":{"footnotes":""},"categories":[597,485,583],"tags":[12569],"class_list":["post-88488","post","type-post","status-publish","format-standard","has-post-thumbnail","","category-cinta-de-noticias","category-informes-negocios-y-finanzas","category-slide","tag-bajo-patrocinio-del-presidente-al-assad-feria-internacional-de-damasco-se-inaugura-hoy-jueves"],"_links":{"self":[{"href":"https:\/\/archive.sana.sy\/es\/index.php?rest_route=\/wp\/v2\/posts\/88488"}],"collection":[{"href":"https:\/\/archive.sana.sy\/es\/index.php?rest_route=\/wp\/v2\/posts"}],"about":[{"href":"https:\/\/archive.sana.sy\/es\/index.php?rest_route=\/wp\/v2\/types\/post"}],"author":[{"embeddable":true,"href":"https:\/\/archive.sana.sy\/es\/index.php?rest_route=\/wp\/v2\/users\/1"}],"replies":[{"embeddable":true,"href":"https:\/\/archive.sana.sy\/es\/index.php?rest_route=%2Fwp%2Fv2%2Fcomments&post=88488"}],"version-history":[{"count":0,"href":"https:\/\/archive.sana.sy\/es\/index.php?rest_route=\/wp\/v2\/posts\/88488\/revisions"}],"wp:featuredmedia":[{"embeddable":true,"href":"https:\/\/archive.sana.sy\/es\/index.php?rest_route=\/wp\/v2\/media\/88489"}],"wp:attachment":[{"href":"https:\/\/archive.sana.sy\/es\/index.php?rest_route=%2Fwp%2Fv2%2Fmedia&parent=88488"}],"wp:term":[{"taxonomy":"category","embeddable":true,"href":"https:\/\/archive.sana.sy\/es\/index.php?rest_route=%2Fwp%2Fv2%2Fcategories&post=88488"},{"taxonomy":"post_tag","embeddable":true,"href":"https:\/\/archive.sana.sy\/es\/index.php?rest_route=%2Fwp%2Fv2%2Ftags&post=88488"}],"curies":[{"name":"wp","href":"https:\/\/api.w.org\/{rel}","templated":true}]}}