{"id":88540,"date":"2018-09-06T08:44:19","date_gmt":"2018-09-06T05:44:19","guid":{"rendered":"http:\/\/www.sana.sy\/es\/?p=88540"},"modified":"2023-01-10T15:10:30","modified_gmt":"2023-01-10T13:10:30","slug":"destacada-participacion-internacional-en-la-feria-internacional-de-damasco","status":"publish","type":"post","link":"https:\/\/archive.sana.sy\/es\/?p=88540","title":{"rendered":"Destacada participaci\u00f3n internacional en la Feria Internacional de Damasco"},"content":{"rendered":"<p><span style=\"color: #800000;\">Damasco, SANA<\/span><\/p>\n<p>48 pa\u00edses participan en la actual edici\u00f3n d la Feria Internacional de Damasco que se celebrar\u00e1 del 6 al 15 de este mes de septiembre.<\/p>\n<p><span style=\"color: #0000ff;\">23 pa\u00edses participan oficialmente, mientras otros 25 a trav\u00e9s de compa\u00f1\u00edas y empresas.<\/span><\/p>\n<p>De Am\u00e9rica Latina, se destaca la participaci\u00f3n de Cuba, Venezuela, Argentina y Brasil&#8230; a continuaci\u00f3n daremos a conocer noticias de la participaci\u00f3n de pa\u00edses \u00e1rabes y extranjeros en la Feria:<\/p>\n<p>Feria de Damasco genera expectativa de mayor exportaci\u00f3n en empresas brasile\u00f1as.<\/p>\n<p>El director general de la C\u00e1mara de Comercio \u00c1rabe Brasile\u00f1a, Michel Alaby, dijo que las empresas de Brasil participan en la Feria de Damasco, con la expectativa de aumentar las exportaciones a ese destino ante la necesidad de reconstrucci\u00f3n de Siria.<\/p>\n<p>Citado por la agencia Sputnik, Alaby esper\u00f3 que esta edici\u00f3n de la feria marque la recuperaci\u00f3n, e indic\u00f3 que ahora Brasil exporta poco a Siria, en torno a 74 o 75 millones de d\u00f3lares al a\u00f1o, pero hay una gran expectativa porque el pa\u00eds tiene que ser reconstruido.<\/p>\n<p>Siete empresas brasile\u00f1as participar\u00e1n en la feria, que se celebrar\u00e1 del 6 al 15 de septiembre, una presencia mayor que en otras ediciones y que, es sin\u00f3nimo de optimismo.<\/p>\n<p>La idea de los empresarios brasile\u00f1os es ir volviendo poco a poco al intercambio comercial anterior a la guerra, que rondaba los 150 millones de d\u00f3lares.<\/p>\n<p>Para Alaby, las cosas se est\u00e1n normalizando, y &#8220;no hay duda&#8221; de que la reconstrucci\u00f3n de Siria abre posibilidades para las empresas brasile\u00f1as.<\/p>\n<p>De hecho, una de las siete que estar\u00e1 presente es una constructora, tambi\u00e9n habr\u00e1 representantes de los sectores de alimentaci\u00f3n, cosm\u00e9tica y material de construcci\u00f3n.<\/p>\n<p>En esa edici\u00f3n, la C\u00e1mara \u00c1rabe Brasile\u00f1a ya estuvo presente con un stand en asociaci\u00f3n con la embajada de Brasil en la capital siria.<\/p>\n<p>Seg\u00fan Alaby, los productos que tienen m\u00e1s potencial de negocios en el mercado sirio actualmente son: material de construcci\u00f3n, equipamiento m\u00e9dico y odontol\u00f3gico, muebles, madera y alimentos, entre otros.<\/p>\n<p>De momento, Brasil exporta a Siria sobre todo caf\u00e9 y az\u00facar (un 70% del total), pero tambi\u00e9n carne de pollo y de ternera, ma\u00edz y hierro.<\/p>\n<p>En el primer semestre de 2018, las exportaciones de Brasil a Siria fueron de 30,66 millones de d\u00f3lares, pr\u00e1cticamente el mismo valor registrado en el mismo periodo del a\u00f1o pasado, seg\u00fan datos del Ministerio de Industria y Comercio recopilados por la C\u00e1mara \u00c1rabe Brasile\u00f1a.<\/p>\n<p>Las exportaciones de productos sirios, por otra parte, sumaron 577.000 d\u00f3lares de enero a junio de este a\u00f1o, un 24% menos que en el primer semestre de 2017; el an\u00eds es el principal producto sirio que llega a Brasil.<\/p>\n<p>Los dos pa\u00edses tienen fuertes v\u00ednculos hist\u00f3ricos, ya que en Brasil viven alrededor de seis millones de descendientes de inmigrantes sirios y unos 15 millones de \u00e1rabes en total.<\/p>\n<p>La presencia brasile\u00f1a en la Feria de Damasco est\u00e1 liderada por la C\u00e1mara de Comercio \u00c1rabe Brasile\u00f1a y cuenta con el apoyo de la embajada brasile\u00f1a en Siria y del Ministerio de Relaciones Exteriores de Brasil.<\/p>\n<p><span style=\"color: #0000ff;\">Compa\u00f1\u00edas indias participar\u00e1n en la Feria Internacional de Damasco<\/span><\/p>\n<p>Representantes de varias compa\u00f1\u00edas indias expresaron su deseo de participar en la 60 edici\u00f3n de la Feria Internacional de Damasco que tendr\u00e1 lugar del 6 al 15 de septiembre pr\u00f3ximo.<\/p>\n<p>Kishor Raspasual, director de la fundaci\u00f3n Raspasual para Salud y Cuidado, confirm\u00f3 que participar\u00e1 en la Feria y presidir\u00e1 una delegaci\u00f3n de 15 empresas indias de todas las disciplinas en medicina, hospitales, infraestructura, industria pesada, tecnolog\u00eda de la informaci\u00f3n, industria del cuero y t\u00e9.<\/p>\n<p>Raspasual invit\u00f3 a las empresas indias a participar en la Feria.<\/p>\n<p>A su vez, Brigg Saberwal, director de la compa\u00f1\u00eda (S O S) para los dispositivos m\u00e9dicos expres\u00f3 su intenci\u00f3n de participar en la Feria adem\u00e1s de su deseo de conocer el mercado sirio y lo que necesita de suministros m\u00e9dicos.<\/p>\n<p>Un alto n\u00famero de compa\u00f1\u00edas privadas y gubernamentales indias participar\u00e1n en la Feria Internacional de Damasco y se prev\u00e9 que el pabell\u00f3n indio sea m\u00e1s grande este a\u00f1o, teniendo en cuenta que el gobierno indio alent\u00f3 a las compa\u00f1\u00edas a participar y contribuir a la construcci\u00f3n de proyectos.<\/p>\n<p>La Feria coincide con la celebraci\u00f3n de las reuniones de la Comisi\u00f3n Conjunto Sirio-india, donde se espera que la ministra india de Exteriores, Sushma Swaraj, presida su delegaci\u00f3n en las conversaciones el d\u00eda 9 del mes pr\u00f3ximo.Consejo de Ministros estudia marcha de preparativos para Feria Internacional de Damasco<\/p>\n<p><span style=\"color: #0000ff;\">19 empresas checas anuncian su participaci\u00f3n en la Feria Internacional de Damasco<\/span><\/p>\n<p>Ha aumentado a 19 el n\u00famero de empresas checas que participan en la 60\u00aa Edici\u00f3n de la Feria Internacional de Damasco.<\/p>\n<p>El corresponsal de SANA en Praga asegur\u00f3 que el n\u00famero de empresas checas este a\u00f1o es el doble del registrado el a\u00f1o pasado.<\/p>\n<p><span style=\"color: #0000ff;\">23 empresas palestinas estar\u00e1n presentes en la 60 Feria Internacional de Damasco<\/span><\/p>\n<p>El embajador Anwar Abdulhadi, director del Departamento Pol\u00edtico de la Organizaci\u00f3n para Liberaci\u00f3n de Palestina (OLP), revel\u00f3 que una amplia delegaci\u00f3n de hombres de negocios palestinos participar\u00e1 en la 60\u00aa edici\u00f3n de la Feria Internacional de Damasco con la intenci\u00f3n de promover el intercambio comercial entre Siria y Palestina.<\/p>\n<p>Abdulhadi precis\u00f3 que la delegaci\u00f3n abarcar\u00e1 empresarios procedentes de Ramalah, y ser\u00e1 presidida por Khalil Rizek, presidente de la Federaci\u00f3n de C\u00e1maras de Comercio Palestinas y el Secretario General de la misma, adem\u00e1s de 23 empresas palestinas.<\/p>\n<p><span style=\"color: #0000ff;\">F. Marouf\/ Ammar H.<\/span><\/p>\n","protected":false},"excerpt":{"rendered":"<p>Damasco, SANA 48 pa\u00edses participan en la actual edici\u00f3n d la Feria Internacional de Damasco que se celebrar\u00e1 del 6 al 15 de este mes de septiembre. 23 pa\u00edses participan oficialmente, mientras otros 25 a trav\u00e9s de compa\u00f1\u00edas y empresas. De Am\u00e9rica Latina, se destaca la participaci\u00f3n de Cuba, Venezuela, Argentina y Brasil&#8230; a continuaci\u00f3n &hellip;<\/p>\n","protected":false},"author":1,"featured_media":88541,"comment_status":"closed","ping_status":"closed","sticky":false,"template":"","format":"standard","meta":{"footnotes":""},"categories":[597,485,7541],"tags":[12567],"class_list":["post-88540","post","type-post","status-publish","format-standard","has-post-thumbnail","","category-cinta-de-noticias","category-informes-negocios-y-finanzas","category-ultimas-noticias","tag-destacada-participacion-internacional-en-la-feria-internacional-de-damasco"],"_links":{"self":[{"href":"https:\/\/archive.sana.sy\/es\/index.php?rest_route=\/wp\/v2\/posts\/88540"}],"collection":[{"href":"https:\/\/archive.sana.sy\/es\/index.php?rest_route=\/wp\/v2\/posts"}],"about":[{"href":"https:\/\/archive.sana.sy\/es\/index.php?rest_route=\/wp\/v2\/types\/post"}],"author":[{"embeddable":true,"href":"https:\/\/archive.sana.sy\/es\/index.php?rest_route=\/wp\/v2\/users\/1"}],"replies":[{"embeddable":true,"href":"https:\/\/archive.sana.sy\/es\/index.php?rest_route=%2Fwp%2Fv2%2Fcomments&post=88540"}],"version-history":[{"count":0,"href":"https:\/\/archive.sana.sy\/es\/index.php?rest_route=\/wp\/v2\/posts\/88540\/revisions"}],"wp:featuredmedia":[{"embeddable":true,"href":"https:\/\/archive.sana.sy\/es\/index.php?rest_route=\/wp\/v2\/media\/88541"}],"wp:attachment":[{"href":"https:\/\/archive.sana.sy\/es\/index.php?rest_route=%2Fwp%2Fv2%2Fmedia&parent=88540"}],"wp:term":[{"taxonomy":"category","embeddable":true,"href":"https:\/\/archive.sana.sy\/es\/index.php?rest_route=%2Fwp%2Fv2%2Fcategories&post=88540"},{"taxonomy":"post_tag","embeddable":true,"href":"https:\/\/archive.sana.sy\/es\/index.php?rest_route=%2Fwp%2Fv2%2Ftags&post=88540"}],"curies":[{"name":"wp","href":"https:\/\/api.w.org\/{rel}","templated":true}]}}