{"id":88575,"date":"2018-09-06T19:39:10","date_gmt":"2018-09-06T16:39:10","guid":{"rendered":"http:\/\/www.sana.sy\/es\/?p=88575"},"modified":"2023-01-10T15:16:24","modified_gmt":"2023-01-10T13:16:24","slug":"el-ministro-al-gharbi-examina-con-una-delegacion-economica-jordana-las-vias-de-desarrollar-las-relaciones-economicas-bilaterales","status":"publish","type":"post","link":"https:\/\/archive.sana.sy\/es\/?p=88575","title":{"rendered":"El ministro al-Gharbi examina con una delegaci\u00f3n econ\u00f3mica jordana las v\u00edas de desarrollar las relaciones econ\u00f3micas bilaterales"},"content":{"rendered":"<p><span style=\"color: #800000;\">Damasco, SANA<\/span><\/p>\n<p>El ministro de Comercio Interno y Protecci\u00f3n al Consumidor, Dr. Abdallah al-Gharbi, examin\u00f3 con una delegaci\u00f3n econ\u00f3mica jordana presidida por Ghassan Khrefan vicepresidente de la C\u00e1mara de Comercio de Jordania las v\u00edas de activar las relaciones de cooperaci\u00f3n econ\u00f3mica e intercambio comercial entre los dos pa\u00edses y las v\u00edas de activar la cooperaci\u00f3n econ\u00f3mica en sincron\u00eda con la nueva edici\u00f3n de la Feria Internacional de Damasco.<\/p>\n<p>Las conversaciones abordaron la importancia de reabrir el paso fronterizo de Naseeb para facilitar el flujo de mercanc\u00edas y productos alimentarios e industriales lo cual ser\u00eda beneficioso para varios pa\u00edses \u00e1rabes. Al respecto se acord\u00f3 que una delegaci\u00f3n econ\u00f3mica oficial jordana visite a Siria para analizar las v\u00edas de reactivar las relaciones econ\u00f3micas entre los dos pa\u00edses.<\/p>\n<p><span style=\"color: #0000ff;\">Dr. A. Shaban<\/span><\/p>\n","protected":false},"excerpt":{"rendered":"<p>Damasco, SANA El ministro de Comercio Interno y Protecci\u00f3n al Consumidor, Dr. Abdallah al-Gharbi, examin\u00f3 con una delegaci\u00f3n econ\u00f3mica jordana presidida por Ghassan Khrefan vicepresidente de la C\u00e1mara de Comercio de Jordania las v\u00edas de activar las relaciones de cooperaci\u00f3n econ\u00f3mica e intercambio comercial entre los dos pa\u00edses y las v\u00edas de activar la cooperaci\u00f3n &hellip;<\/p>\n","protected":false},"author":1,"featured_media":88576,"comment_status":"closed","ping_status":"closed","sticky":false,"template":"","format":"standard","meta":{"footnotes":""},"categories":[597,485,476,7541],"tags":[12574],"class_list":["post-88575","post","type-post","status-publish","format-standard","has-post-thumbnail","","category-cinta-de-noticias","category-informes-negocios-y-finanzas","category-locales","category-ultimas-noticias","tag-el-ministro-al-gharbi-examina-con-una-delegacion-economica-jordana-las-vias-de-desarrollar-las-relaciones-economicas-bilaterales"],"_links":{"self":[{"href":"https:\/\/archive.sana.sy\/es\/index.php?rest_route=\/wp\/v2\/posts\/88575"}],"collection":[{"href":"https:\/\/archive.sana.sy\/es\/index.php?rest_route=\/wp\/v2\/posts"}],"about":[{"href":"https:\/\/archive.sana.sy\/es\/index.php?rest_route=\/wp\/v2\/types\/post"}],"author":[{"embeddable":true,"href":"https:\/\/archive.sana.sy\/es\/index.php?rest_route=\/wp\/v2\/users\/1"}],"replies":[{"embeddable":true,"href":"https:\/\/archive.sana.sy\/es\/index.php?rest_route=%2Fwp%2Fv2%2Fcomments&post=88575"}],"version-history":[{"count":0,"href":"https:\/\/archive.sana.sy\/es\/index.php?rest_route=\/wp\/v2\/posts\/88575\/revisions"}],"wp:featuredmedia":[{"embeddable":true,"href":"https:\/\/archive.sana.sy\/es\/index.php?rest_route=\/wp\/v2\/media\/88576"}],"wp:attachment":[{"href":"https:\/\/archive.sana.sy\/es\/index.php?rest_route=%2Fwp%2Fv2%2Fmedia&parent=88575"}],"wp:term":[{"taxonomy":"category","embeddable":true,"href":"https:\/\/archive.sana.sy\/es\/index.php?rest_route=%2Fwp%2Fv2%2Fcategories&post=88575"},{"taxonomy":"post_tag","embeddable":true,"href":"https:\/\/archive.sana.sy\/es\/index.php?rest_route=%2Fwp%2Fv2%2Ftags&post=88575"}],"curies":[{"name":"wp","href":"https:\/\/api.w.org\/{rel}","templated":true}]}}